{"id":6480,"date":"2025-08-27T08:00:10","date_gmt":"2025-08-27T07:00:10","guid":{"rendered":"http:\/\/www.sportingcanal.com\/?p=6480"},"modified":"2025-08-27T14:35:13","modified_gmt":"2025-08-27T13:35:13","slug":"silas-internacional-brasileiro-de-grande-craveira","status":"publish","type":"post","link":"https:\/\/www.sportingcanal.com\/?p=6480","title":{"rendered":"Silas \u2013 Internacional brasileiro de grande craveira"},"content":{"rendered":"<p>Paulo Silas do Prado Pereira nasceu a 27 de Agosto de 1965 em Campinas \u2013 Brasil. Com apenas 19 anos j\u00e1 era profissional do S\u00e3o Paulo e foi a grande figura do Brasil no Mundial sub-20 (1985) que os \u201ccanarinhos\u201d venceram. Nos paulistas permaneceu 4 anos conquistando os t\u00edtulos nacionais mais importantes, ao mesmo tempo que j\u00e1 jogava na sele\u00e7\u00e3o principal brasileira (marcando presen\u00e7a no Mundial de 1986).<\/p>\n<p>Chegou ao Sporting no Ver\u00e3o de 1988 como uma das \u201cunhas\u201d do novo presidente Jorge Gon\u00e7alves num momento de grande ilus\u00e3o para os sportinguistas. Estreou-se oficialmente (e fez o 1\u00ba golo) a 21 de Agosto numa vit\u00f3ria (2-0) em Matosinhos frente ao Leix\u00f5es para a 1\u00aa jornada do Campeonato Nacional. O t\u00e9cnico leonino era o uruguaio Pedro Rocha. \u201cPegou de estaca\u201d na equipa (no lado direito do meio-campo ofensivo) realizando 40 jogos oficiais e marcando 11 golos, o mais vistoso e medi\u00e1tico dos quais em Amesterd\u00e3o perante o Ajax (para a Ta\u00e7a UEFA), num chap\u00e9u magn\u00edfico ao guarda-redes Menzo.<\/p>\n<p>A temporada seguinte foi muito atribulada (com les\u00f5es, rumores de transfer\u00eancias e presen\u00e7as na sele\u00e7\u00e3o do Brasil), pelo que o categorizado brasileiro s\u00f3 regressou \u00e0 competi\u00e7\u00e3o (pelo Sporting) no ano de 1990. S\u00f3 foi a tempo de realizar 12 jogos e marcar 3 golos, acabando por abandonar o clube no final da \u00e9poca. A 25 de Mar\u00e7o fez o \u00faltimo jogo (e golo) oficial pelos le\u00f5es numa derrota na Luz por 2-1.<\/p>\n<p>Totalizou 52 jogos oficiais pelo Sporting, tendo marcado 14 golos. Apesar da sua passagem por Alvalade ter sido curta deixou uma excelente imagem pois constitu\u00eda, indubitavelmente, um futebolista de grande craveira.<\/p>\n<p>Passou depois por in\u00fameros clubes e v\u00e1rios pa\u00edses dos quais podemos destacar a Sampdoria, o Vasco da Gama, o San Lorenzo ou o S\u00e3o Paulo. Terminou a carreira em 2004 no Inter de Limeira com 38 internacionaliza\u00e7\u00f5es e 1 golo pelo Brasil.<\/p>\n<p>Tornou-se mais tarde treinador com alguns resultados interessantes.<\/p>\n<div class=\"tweetthis\" style=\"text-align:left;\"><p> <a target=\"_blank\" rel=\"nofollow\" class=\"tt\" href=\"http:\/\/twitter.com\/home\/?status=Silas+%E2%80%93+Internacional+brasileiro+de+grande+craveira+https%3A%2F%2Fis.gd%2FHab6X3\" title=\"Post to Twitter\"><img decoding=\"async\" class=\"nothumb\" src=\"http:\/\/www.sportingcanal.com\/wp-content\/plugins\/tweet-this\/icons\/en\/twitter\/tt-twitter6.png\" alt=\"Post to Twitter\" \/><\/a><\/p><\/div>","protected":false},"excerpt":{"rendered":"<p>Paulo Silas do Prado Pereira nasceu a 27 de Agosto de 1965 em Campinas \u2013 Brasil. Com apenas 19 anos j\u00e1 era profissional do S\u00e3o Paulo e foi a grande figura do Brasil no Mundial sub-20 (1985) que os \u201ccanarinhos\u201d venceram. Nos paulistas permaneceu 4 anos conquistando os t\u00edtulos nacionais mais importantes, ao mesmo tempo [&hellip;]<\/p>\n","protected":false},"author":1,"featured_media":38594,"comment_status":"open","ping_status":"open","sticky":false,"template":"","format":"standard","meta":{"_et_pb_use_builder":"","_et_pb_old_content":"","_et_gb_content_width":"","footnotes":""},"categories":[63],"tags":[8,64],"_links":{"self":[{"href":"https:\/\/www.sportingcanal.com\/index.php?rest_route=\/wp\/v2\/posts\/6480"}],"collection":[{"href":"https:\/\/www.sportingcanal.com\/index.php?rest_route=\/wp\/v2\/posts"}],"about":[{"href":"https:\/\/www.sportingcanal.com\/index.php?rest_route=\/wp\/v2\/types\/post"}],"author":[{"embeddable":true,"href":"https:\/\/www.sportingcanal.com\/index.php?rest_route=\/wp\/v2\/users\/1"}],"replies":[{"embeddable":true,"href":"https:\/\/www.sportingcanal.com\/index.php?rest_route=%2Fwp%2Fv2%2Fcomments&post=6480"}],"version-history":[{"count":19,"href":"https:\/\/www.sportingcanal.com\/index.php?rest_route=\/wp\/v2\/posts\/6480\/revisions"}],"predecessor-version":[{"id":38595,"href":"https:\/\/www.sportingcanal.com\/index.php?rest_route=\/wp\/v2\/posts\/6480\/revisions\/38595"}],"wp:featuredmedia":[{"embeddable":true,"href":"https:\/\/www.sportingcanal.com\/index.php?rest_route=\/wp\/v2\/media\/38594"}],"wp:attachment":[{"href":"https:\/\/www.sportingcanal.com\/index.php?rest_route=%2Fwp%2Fv2%2Fmedia&parent=6480"}],"wp:term":[{"taxonomy":"category","embeddable":true,"href":"https:\/\/www.sportingcanal.com\/index.php?rest_route=%2Fwp%2Fv2%2Fcategories&post=6480"},{"taxonomy":"post_tag","embeddable":true,"href":"https:\/\/www.sportingcanal.com\/index.php?rest_route=%2Fwp%2Fv2%2Ftags&post=6480"}],"curies":[{"name":"wp","href":"https:\/\/api.w.org\/{rel}","templated":true}]}}