{"id":6490,"date":"2025-08-27T10:30:12","date_gmt":"2025-08-27T09:30:12","guid":{"rendered":"http:\/\/www.sportingcanal.com\/?p=6490"},"modified":"2025-08-27T14:35:49","modified_gmt":"2025-08-27T13:35:49","slug":"1967-6%c2%aa-vitoria-colectiva-na-volta-a-portugal-em-bicicleta","status":"publish","type":"post","link":"https:\/\/www.sportingcanal.com\/?p=6490","title":{"rendered":"1967 \u2013 6\u00aa vit\u00f3ria coletiva na Volta a Portugal em bicicleta"},"content":{"rendered":"<p>27 de Agosto de 1967. Nesse dia terminou mais uma Volta a Portugal em bicicleta. Os le\u00f5es entraram na competi\u00e7\u00e3o com leg\u00edtimas aspira\u00e7\u00f5es. Emiliano Dion\u00edsio venceu a etapa inaugural e os verde e brancos provaram sempre ser a equipa mais homog\u00e9nea da prova (chegando ao final com o triunfo coletivo &#8211; pela 6\u00aa vez).<\/p>\n<p>Apesar de tudo o triunfo individual escapou para o belga Houbrechts, da Flandria, com 1m10s de vantagem sobre o le\u00e3o Jo\u00e3o Roque. Manuel Correia foi 3\u00ba, Leonel Miranda foi 5\u00ba e \u201crei\u201d da montanha.\u00a0Para o jornal \u201cA Bola\u201d: \u201cA Volta foi brilhante e o Sporting foi o principal \u00b4culpado` de assim ter sido\u201d.<\/p>\n<p>Jo\u00e3o Roque foi mesmo principal figura do velocipedismo sportinguista em 1967, mas Emiliano Dion\u00edsio chamou a si o \u00fanico t\u00edtulo nacional.<\/p>\n<p>Em Abril Jo\u00e3o Roque come\u00e7ou a dar nas vistas, ao sagrar-se Campe\u00e3o Regional de fundo numa prova disputada em duas etapas mais contra-rel\u00f3gio. O tamb\u00e9m le\u00e3o Leonel Miranda venceu as provas em linha, mas Roque arrasou no confronto decisivo.<\/p>\n<p>1 m\u00eas depois o triunfo foi coletivo, no Regional por equipas em contra-rel\u00f3gio. A equipa formada por Leonel Miranda, Emiliano Dion\u00edsio e S\u00e9rgio P\u00e1scoa dominou a corrida, relegando os benfiquistas para o 2\u00ba posto. Tamb\u00e9m na cl\u00e1ssica \u201cPorto-Lisboa\u201d os le\u00f5es triunfaram coletivamente, a\u00ed com V\u00edtor Tenazinha (2\u00ba), S\u00e9rgio P\u00e1scoa (3\u00ba) e Emiliano Dion\u00edsio (8\u00ba). No 3\u00ba Grande Pr\u00e9mio do FC Porto, Leonel Miranda dominou como quis, sendo 1\u00ba na geral, na montanha e na regularidade &#8211; o Sporting tamb\u00e9m venceu por equipas. Nova vit\u00f3ria individual (por Jo\u00e3o Roque) e coletiva surgiu no Grande Pr\u00e9mio da Associa\u00e7\u00e3o de Ciclismo do Sul, prova que antecedeu a competi\u00e7\u00e3o rainha da modalidade no nosso pa\u00eds &#8211; a Volta a Portugal em Bicicleta.<\/p>\n<p>J\u00e1 na parte final da temporada Jo\u00e3o Roque sagrou-se Campe\u00e3o Regional de rampa com 13 segundos de vantagem do tamb\u00e9m sportinguista Carlos Santos.<\/p>\n<p>Para terminar a temporada em beleza Emiliano Dion\u00edsio sagrou-se Campe\u00e3o Nacional de velocidade ap\u00f3s luta empolgante com o seu colega de equipa S\u00e9rgio P\u00e1scoa, numa final que teve direito a 3 m\u00e3os ap\u00f3s um empate na duas primeira \u201cmangas\u201d.<\/p>\n<p>Foto: Jo\u00e3o Roque<\/p>\n<div class=\"tweetthis\" style=\"text-align:left;\"><p> <a target=\"_blank\" rel=\"nofollow\" class=\"tt\" href=\"http:\/\/twitter.com\/home\/?status=1967+%E2%80%93+6%C2%AA+vit%C3%B3ria+coletiva+na+Volta+a+Portugal+em+bicicleta+https%3A%2F%2Fis.gd%2FQvACY9\" title=\"Post to Twitter\"><img decoding=\"async\" class=\"nothumb\" src=\"http:\/\/www.sportingcanal.com\/wp-content\/plugins\/tweet-this\/icons\/en\/twitter\/tt-twitter6.png\" alt=\"Post to Twitter\" \/><\/a><\/p><\/div>","protected":false},"excerpt":{"rendered":"<p>27 de Agosto de 1967. Nesse dia terminou mais uma Volta a Portugal em bicicleta. Os le\u00f5es entraram na competi\u00e7\u00e3o com leg\u00edtimas aspira\u00e7\u00f5es. Emiliano Dion\u00edsio venceu a etapa inaugural e os verde e brancos provaram sempre ser a equipa mais homog\u00e9nea da prova (chegando ao final com o triunfo coletivo &#8211; pela 6\u00aa vez). Apesar [&hellip;]<\/p>\n","protected":false},"author":1,"featured_media":38606,"comment_status":"open","ping_status":"open","sticky":false,"template":"","format":"standard","meta":{"_et_pb_use_builder":"","_et_pb_old_content":"","_et_gb_content_width":"","footnotes":""},"categories":[17],"tags":[29],"_links":{"self":[{"href":"https:\/\/www.sportingcanal.com\/index.php?rest_route=\/wp\/v2\/posts\/6490"}],"collection":[{"href":"https:\/\/www.sportingcanal.com\/index.php?rest_route=\/wp\/v2\/posts"}],"about":[{"href":"https:\/\/www.sportingcanal.com\/index.php?rest_route=\/wp\/v2\/types\/post"}],"author":[{"embeddable":true,"href":"https:\/\/www.sportingcanal.com\/index.php?rest_route=\/wp\/v2\/users\/1"}],"replies":[{"embeddable":true,"href":"https:\/\/www.sportingcanal.com\/index.php?rest_route=%2Fwp%2Fv2%2Fcomments&post=6490"}],"version-history":[{"count":19,"href":"https:\/\/www.sportingcanal.com\/index.php?rest_route=\/wp\/v2\/posts\/6490\/revisions"}],"predecessor-version":[{"id":38607,"href":"https:\/\/www.sportingcanal.com\/index.php?rest_route=\/wp\/v2\/posts\/6490\/revisions\/38607"}],"wp:featuredmedia":[{"embeddable":true,"href":"https:\/\/www.sportingcanal.com\/index.php?rest_route=\/wp\/v2\/media\/38606"}],"wp:attachment":[{"href":"https:\/\/www.sportingcanal.com\/index.php?rest_route=%2Fwp%2Fv2%2Fmedia&parent=6490"}],"wp:term":[{"taxonomy":"category","embeddable":true,"href":"https:\/\/www.sportingcanal.com\/index.php?rest_route=%2Fwp%2Fv2%2Fcategories&post=6490"},{"taxonomy":"post_tag","embeddable":true,"href":"https:\/\/www.sportingcanal.com\/index.php?rest_route=%2Fwp%2Fv2%2Ftags&post=6490"}],"curies":[{"name":"wp","href":"https:\/\/api.w.org\/{rel}","templated":true}]}}