{"id":6496,"date":"2025-08-27T11:00:50","date_gmt":"2025-08-27T10:00:50","guid":{"rendered":"http:\/\/www.sportingcanal.com\/?p=6496"},"modified":"2025-08-28T20:29:03","modified_gmt":"2025-08-28T19:29:03","slug":"1972-a-gloria-para-joaquim-agostinho-e-ciclismo-leonino","status":"publish","type":"post","link":"https:\/\/www.sportingcanal.com\/?p=6496","title":{"rendered":"1972 \u2013 A gl\u00f3ria para Joaquim Agostinho e Ciclismo leonino"},"content":{"rendered":"<p>27 de Agosto de 1972, dia memor\u00e1vel para o Ciclismo do Sporting. Terminou a 35\u00aa Volta a Portugal em bicicleta que deu a 3\u00aa vit\u00f3ria consecutiva ao campeon\u00edssimo <a href=\"http:\/\/www.sportingcanal.com\/?p=1442\">Joaquim Agostinho<\/a> (igualando a marca de Alves Barbosa) e o triunfo coletivo (10\u00ba) para os le\u00f5es.<\/p>\n<p>No contra-rel\u00f3gio final Agostinho afirmou mais uma vez a sua classe \u00edmpar. Em Alvalade, houve um verdadeiro \u201cmar\u201d de loucura em redor do ciclista leonino, o \u201cmenino bonito\u201d dos sportinguistas: \u201cNaturalmente que estou muito satisfeito com mais este triunfo pois tudo fiz para chegar aqui a Alvalade com a minha camisola amarela. A princ\u00edpio nem tudo correu bem, mas os outros tamb\u00e9m c\u00e1 andavam e sabiam o que estavam a fazer. Eu nunca desanimei, esperando sempre pelas etapas mais ao meu jeito para jogar as minhas cartadas, e assim aconteceu. Esta foi uma das mais dif\u00edceis Voltas a Portugal em que participei, e j\u00e1 foi a 5\u00aa. Um corredor pode ser muito bom, mesmo um grande campe\u00e3o, mas se o trabalho da equipa n\u00e3o corresponder, sozinho nunca pode resolver todos os problemas. A minha equipa ajudou-me sempre e bem, e eu aproveitei muito o trabalho de todos. Devo-lhes esta homenagem porque ela corresponde \u00e0 verdade\u201d.<\/p>\n<p>Manuel Gra\u00e7a, o t\u00e9cnico sportinguista, tamb\u00e9m estava felic\u00edssimo: \u201cEstou satisfeito com o comportamento dos rapazes porque obtivemos os objetivos que tinhamos em vista. A tarefa foi \u00e1rdua e a certa altura cheguei a ter receio porque era tudo e todos contra n\u00f3s, especialmente a equipa da Messias, uma forma\u00e7\u00e3o capaz de criar problemas a qualquer outra seja ela qual f\u00f4r.<\/p>\n<p>Agostinho venceu o \u00faltimo contra-rel\u00f3gio entre Sintra e Lisboa na dist\u00e2ncia de 25km com 1m17s de vantagem do benfiquista Fernando Mendes. Na classifica\u00e7\u00e3o geral final, Agostinho deu quase 6 minutos ao 2\u00ba classificado &#8211; Jos\u00e9 Martins. Por equipas o Sporting ficou com 7m38s de vantagem da Coelima. Os outros le\u00f5es foram Leonel Miranda (4\u00ba), Firmino Bernardino (6\u00ba), Ant\u00f3nio Teixeira (19\u00ba), Ant\u00f3nio Mar\u00e7alo (23\u00ba), V\u00edtor Rocha (26\u00ba), Francisco Miranda (31\u00ba), Emiliano Dion\u00edsio (36\u00ba), Manuel Lu\u00eds (39\u00ba) e Jo\u00e3o Curto (43\u00ba). Joaquim Agostinho ganhou ainda o Combinado e as Metas Volantes. O magn\u00edfico ciclista leonino arrecadou 106.400$ na competi\u00e7\u00e3o.<\/p>\n<p>De real\u00e7ar ainda que, 2 meses antes, o prod\u00edgio sportinguista sagrara-se penta-campe\u00e3o nacional de estrada.<\/p>\n<p>Ap\u00f3s a Volta a Portugal os le\u00f5es continuaram a brilhar pelas estradas nacionais nessa temporada de 1972. Agostinho venceu o 2\u00ba Grande Pr\u00e9mio de Sintra, Leonel Miranda e o Sporting foram os melhores no Circuito da Malveira, Joaquim Agostinho e o coletivo leonino triunfaram no Circuito de Torres Vedras e Emiliano Dion\u00edsio sagrou-se Campe\u00e3o Regional de velocidade.<\/p>\n<div class=\"tweetthis\" style=\"text-align:left;\"><p> <a target=\"_blank\" rel=\"nofollow\" class=\"tt\" href=\"http:\/\/twitter.com\/home\/?status=1972+%E2%80%93+A+gl%C3%B3ria+para+Joaquim+Agostinho+e+Ciclismo+leonino+https%3A%2F%2Fis.gd%2FHNiXkf\" title=\"Post to Twitter\"><img decoding=\"async\" class=\"nothumb\" src=\"http:\/\/www.sportingcanal.com\/wp-content\/plugins\/tweet-this\/icons\/en\/twitter\/tt-twitter6.png\" alt=\"Post to Twitter\" \/><\/a><\/p><\/div>","protected":false},"excerpt":{"rendered":"<p>27 de Agosto de 1972, dia memor\u00e1vel para o Ciclismo do Sporting. Terminou a 35\u00aa Volta a Portugal em bicicleta que deu a 3\u00aa vit\u00f3ria consecutiva ao campeon\u00edssimo Joaquim Agostinho (igualando a marca de Alves Barbosa) e o triunfo coletivo (10\u00ba) para os le\u00f5es. No contra-rel\u00f3gio final Agostinho afirmou mais uma vez a sua classe [&hellip;]<\/p>\n","protected":false},"author":1,"featured_media":38596,"comment_status":"open","ping_status":"open","sticky":false,"template":"","format":"standard","meta":{"_et_pb_use_builder":"","_et_pb_old_content":"","_et_gb_content_width":"","footnotes":""},"categories":[17],"tags":[29],"_links":{"self":[{"href":"https:\/\/www.sportingcanal.com\/index.php?rest_route=\/wp\/v2\/posts\/6496"}],"collection":[{"href":"https:\/\/www.sportingcanal.com\/index.php?rest_route=\/wp\/v2\/posts"}],"about":[{"href":"https:\/\/www.sportingcanal.com\/index.php?rest_route=\/wp\/v2\/types\/post"}],"author":[{"embeddable":true,"href":"https:\/\/www.sportingcanal.com\/index.php?rest_route=\/wp\/v2\/users\/1"}],"replies":[{"embeddable":true,"href":"https:\/\/www.sportingcanal.com\/index.php?rest_route=%2Fwp%2Fv2%2Fcomments&post=6496"}],"version-history":[{"count":19,"href":"https:\/\/www.sportingcanal.com\/index.php?rest_route=\/wp\/v2\/posts\/6496\/revisions"}],"predecessor-version":[{"id":38597,"href":"https:\/\/www.sportingcanal.com\/index.php?rest_route=\/wp\/v2\/posts\/6496\/revisions\/38597"}],"wp:featuredmedia":[{"embeddable":true,"href":"https:\/\/www.sportingcanal.com\/index.php?rest_route=\/wp\/v2\/media\/38596"}],"wp:attachment":[{"href":"https:\/\/www.sportingcanal.com\/index.php?rest_route=%2Fwp%2Fv2%2Fmedia&parent=6496"}],"wp:term":[{"taxonomy":"category","embeddable":true,"href":"https:\/\/www.sportingcanal.com\/index.php?rest_route=%2Fwp%2Fv2%2Fcategories&post=6496"},{"taxonomy":"post_tag","embeddable":true,"href":"https:\/\/www.sportingcanal.com\/index.php?rest_route=%2Fwp%2Fv2%2Ftags&post=6496"}],"curies":[{"name":"wp","href":"https:\/\/api.w.org\/{rel}","templated":true}]}}