{"id":6561,"date":"2025-08-29T08:00:28","date_gmt":"2025-08-29T07:00:28","guid":{"rendered":"http:\/\/www.sportingcanal.com\/?p=6561"},"modified":"2025-08-29T15:09:26","modified_gmt":"2025-08-29T14:09:26","slug":"joao-pedro-monteiro-um-fenomeno-no-tenis-de-mesa","status":"publish","type":"post","link":"https:\/\/www.sportingcanal.com\/?p=6561","title":{"rendered":"Jo\u00e3o Pedro Monteiro \u2013 Um fen\u00f3meno no T\u00e9nis de Mesa"},"content":{"rendered":"<p>Jo\u00e3o Pedro Andrade Monteiro nasceu a 29 de Agosto de 1983 em Nave de Haver \u2013 Vilar Formoso \u2013 Guarda.\u00a0\u00c9 conhecido no meio do T\u00e9nis de Mesa por \u201cMonti\u201d, e teve o 1\u00ba contacto com a modalidade numas f\u00e9rias que foi passar \u00e1 Su\u00ed\u00e7a com os primos. Mais tarde, em Outubro desse mesmo ano, aquele que viria a ser o seu 1\u00ba treinador -prof. Filipe Amaral, foi realizar uma bateria de testes f\u00edsicos \u00e1 escola prim\u00e1ria de Tercena, escola que frequentava e viu nele bastante potencial para se poder tornar jogador de T\u00e9nis de Mesa.<\/p>\n<p>Iniciou assim a pr\u00e1tica da bolinha de celul\u00f3ide no Grupo Recreativo de Tercena &#8211; o seu 1\u00ba clube. Logo no 1\u00ba ano como federado sagrou-se Campe\u00e3o Nacional de iniciados e com a acumula\u00e7\u00e3o de v\u00e1rias vit\u00f3rias a sua paix\u00e3o pela modalidade foi crescendo.<\/p>\n<p>Aos 13 anos ingressou no seu clube do cora\u00e7\u00e3o &#8211; o Sporting, onde se sagrou tricampe\u00e3o Nacional de equipas e v\u00e1rias vezes campe\u00e3o nacional individual (cadetes, juniores, sub-21 e seniores).<\/p>\n<p>7 anos mais tarde recebeu uma proposta do Clube Desportivo de S\u00e3o Roque com um projeto muito ambicioso para o qual o jovem esquerdino era pe\u00e7a fulcral no objetivo &#8211; tornar esse clube num dos maiores em Portugal da modalidade. Jo\u00e3o Monteiro esteve apenas 3 anos no clube mas o suficiente para deixar a sua marca, pois foi bicampe\u00e3o Nacional por equipas e continuou a colecionar t\u00edtulos nacionais individuais.<\/p>\n<p>Aos 22 anos surgiu a inevit\u00e1vel internacionaliza\u00e7\u00e3o com uma proposta dum dos melhores clubes alem\u00e3es, o TTF Liebherr Ochsenhausen. Deixou ent\u00e3o a fam\u00edlia, os amigos e o seu pa\u00eds para tentar evoluir ainda mais e ser dos melhores jogadores mundiais. Come\u00e7ou a viver uma realidade totalmente diferente daquela a que estava habituado em Portugal. Pavilh\u00f5es cheios, milhares de pessoas a assistirem aos jogos, coberturas televisivas&#8230; Os resultados de 3 anos de trabalho na Alemanha n\u00e3o tardaram a aparecer \u2013 1\u00ba jogador da Hist\u00f3ria do T\u00e9nis de Mesa portugu\u00eas a apurar-se para uns Jogos Ol\u00edmpicos, 9 medalhas em provas do circuito profissional (sub-21 e seniores), melhores classifica\u00e7\u00f5es de sempre dum jogador portugu\u00eas no ranking mundial (59\u00aa posi\u00e7\u00e3o) e no ranking europeu (25\u00aa posi\u00e7\u00e3o), entre outras conquistas, fizeram dele um atleta de topo a n\u00edvel europeu e mundial.<\/p>\n<p>N\u00e3o tardaram a surgir propostas dos melhores clubes alem\u00e3es e europeus, e Jo\u00e3o Pedro Monteiro acabou por transferir-se, em 2008, para os italianos do Sterilgarda Castel Goffedo onde ficou 2 anos, foi bi-Campe\u00e3o por equipas e esteve presente nas meias-finais da Liga dos Campe\u00f5es Europeus.<\/p>\n<p>Em 2010 regressou \u00e0 Alemanha, para o 1FC Saarbrucken TT, onde continua a mostrar o seu talento. Em 2012 brilhou na equipa portuguesa nos Jogos Ol\u00edmpicos de Londres, tendo ficado a um pequeno passo de derrotar a Coreia e assim chegar \u00e0s meias-finais da competi\u00e7\u00e3o.<\/p>\n<p>No defesa de 2017 regressou ao Sporting, com o intuito de dar dimens\u00e3o europeia ao T\u00e9nis de Mesa do clube, que voltou a ganhar tudo a n\u00edvel nacional e chegou \u00e0s meias-finais da principal prova europeia de clubes. No defeso de 2019 voltou a sair para o estrangeiro.<\/p>\n<p>Admirador confesso dos desportistas Jan Waldner, Michael Jordan e Jean Phillipe Gatien, dos filmes \u201cGladiador\u201d e \u201cBreaveheart\u201d, Jo\u00e3o Pedro Monteiro j\u00e1 recebeu 2 Pr\u00e9mios Stromp (\u201cEspecial\u201d em 1998 e \u201cAtleta Europeu do Ano\u201d em 2001). Para al\u00e9m disso foi galardoado com o pr\u00e9mio \u201cRugidos de Le\u00e3o\u201d (2000).<\/p>\n<p>Nota: Texto elaborado com base no site pessoal de Jo\u00e3o Pedro Monteiro \u2013 www.joaomonteiro.net<\/p>\n<div class=\"tweetthis\" style=\"text-align:left;\"><p> <a target=\"_blank\" rel=\"nofollow\" class=\"tt\" href=\"http:\/\/twitter.com\/home\/?status=Jo%C3%A3o+Pedro+Monteiro+%E2%80%93+Um+fen%C3%B3meno+no+T%C3%A9nis+de+Mesa+https%3A%2F%2Fis.gd%2F3AU7OA\" title=\"Post to Twitter\"><img decoding=\"async\" class=\"nothumb\" src=\"http:\/\/www.sportingcanal.com\/wp-content\/plugins\/tweet-this\/icons\/en\/twitter\/tt-twitter6.png\" alt=\"Post to Twitter\" \/><\/a><\/p><\/div>","protected":false},"excerpt":{"rendered":"<p>Jo\u00e3o Pedro Andrade Monteiro nasceu a 29 de Agosto de 1983 em Nave de Haver \u2013 Vilar Formoso \u2013 Guarda.\u00a0\u00c9 conhecido no meio do T\u00e9nis de Mesa por \u201cMonti\u201d, e teve o 1\u00ba contacto com a modalidade numas f\u00e9rias que foi passar \u00e1 Su\u00ed\u00e7a com os primos. Mais tarde, em Outubro desse mesmo ano, aquele [&hellip;]<\/p>\n","protected":false},"author":1,"featured_media":38621,"comment_status":"open","ping_status":"open","sticky":false,"template":"","format":"standard","meta":{"_et_pb_use_builder":"","_et_pb_old_content":"","_et_gb_content_width":"","footnotes":""},"categories":[63],"tags":[38],"_links":{"self":[{"href":"https:\/\/www.sportingcanal.com\/index.php?rest_route=\/wp\/v2\/posts\/6561"}],"collection":[{"href":"https:\/\/www.sportingcanal.com\/index.php?rest_route=\/wp\/v2\/posts"}],"about":[{"href":"https:\/\/www.sportingcanal.com\/index.php?rest_route=\/wp\/v2\/types\/post"}],"author":[{"embeddable":true,"href":"https:\/\/www.sportingcanal.com\/index.php?rest_route=\/wp\/v2\/users\/1"}],"replies":[{"embeddable":true,"href":"https:\/\/www.sportingcanal.com\/index.php?rest_route=%2Fwp%2Fv2%2Fcomments&post=6561"}],"version-history":[{"count":22,"href":"https:\/\/www.sportingcanal.com\/index.php?rest_route=\/wp\/v2\/posts\/6561\/revisions"}],"predecessor-version":[{"id":38622,"href":"https:\/\/www.sportingcanal.com\/index.php?rest_route=\/wp\/v2\/posts\/6561\/revisions\/38622"}],"wp:featuredmedia":[{"embeddable":true,"href":"https:\/\/www.sportingcanal.com\/index.php?rest_route=\/wp\/v2\/media\/38621"}],"wp:attachment":[{"href":"https:\/\/www.sportingcanal.com\/index.php?rest_route=%2Fwp%2Fv2%2Fmedia&parent=6561"}],"wp:term":[{"taxonomy":"category","embeddable":true,"href":"https:\/\/www.sportingcanal.com\/index.php?rest_route=%2Fwp%2Fv2%2Fcategories&post=6561"},{"taxonomy":"post_tag","embeddable":true,"href":"https:\/\/www.sportingcanal.com\/index.php?rest_route=%2Fwp%2Fv2%2Ftags&post=6561"}],"curies":[{"name":"wp","href":"https:\/\/api.w.org\/{rel}","templated":true}]}}