{"id":6586,"date":"2025-08-31T09:30:41","date_gmt":"2025-08-31T08:30:41","guid":{"rendered":"http:\/\/www.sportingcanal.com\/?p=6586"},"modified":"2025-08-31T11:56:08","modified_gmt":"2025-08-31T10:56:08","slug":"a-abertura-do-mundo-sporting","status":"publish","type":"post","link":"https:\/\/www.sportingcanal.com\/?p=6586","title":{"rendered":"2004 &#8211; A abertura do \u201cMundo Sporting\u201d"},"content":{"rendered":"<p><a href=\"http:\/\/www.sportingcanal.com\/wp-content\/uploads\/2011\/08\/clube-mundo-sporting.png\"><img loading=\"lazy\" decoding=\"async\" class=\"alignleft size-full wp-image-6587\" title=\"clube - mundo sporting\" src=\"http:\/\/www.sportingcanal.com\/wp-content\/uploads\/2011\/08\/clube-mundo-sporting.png\" alt=\"\" width=\"300\" height=\"300\" srcset=\"https:\/\/www.sportingcanal.com\/wp-content\/uploads\/2011\/08\/clube-mundo-sporting.png 300w, https:\/\/www.sportingcanal.com\/wp-content\/uploads\/2011\/08\/clube-mundo-sporting-150x150.png 150w\" sizes=\"(max-width: 300px) 100vw, 300px\" \/><\/a>31 de Agosto de 2004. Eram precisamente 18h35 quando o &#8220;Mundo Sporting&#8221; foi inaugurado por Ant\u00f3nio Dias da Cunha (presidente do Conselho Diretivo) e por Carmona Rodrigues (presidente da C\u00e2mara Municipal de Lisboa). Foram muitas as personalidades que fizeram quest\u00e3o de marcar presen\u00e7a num ato de t\u00e3o grande import\u00e2ncia para o clube. Dirigentes atuais e passados, atletas e ex-atletas, foram muitos aqueles que percorreram pela 1\u00aa vez o Museu idealizado por M\u00e1rio Casquilho e a sua equipa. A nostalgia apoderou-se de grande parte deles e as saudades de tempos de outrora eram vis\u00edveis no rosto daqueles que ajudaram a construir o Sporting atual.<\/p>\n<p>Antes da cerim\u00f3nia oficial de inaugura\u00e7\u00e3o, Ant\u00f3nio Dias da Cunha presenteou em forma de homenagem e agradecimento Castanheira Silveira, um dos que mais contribuiu para a realidade do Mundo Sporting. Ap\u00f3s este momento simb\u00f3lico os convidados seguiram para o audit\u00f3rio do Est\u00e1dio Jos\u00e9 Alvalade, onde estava guardada uma \u00faltima surpresa &#8211; Fernando Mamede presenteou o Mundo Sporting, na pessoa de Dias da Cunha, com o Tocha Ol\u00edmpica dos Jogos Ol\u00edmpicos de Atlanta.<\/p>\n<p>Jos\u00e9 Roquette salientou na ocasi\u00e3o que o Mundo Sporting \u201c\u00e9 um orgulho para qualquer sportinguista. Esta viagem pela Hist\u00f3ria deixou-me muito entusiasmado. Posso afirmar que por tudo o que conhe\u00e7o este \u00e9 um dos melhores espa\u00e7os do Mundo.\u201d<\/p>\n<p>O antigo avan\u00e7ado do Sporting &#8211; Jord\u00e3o, olhava para a vitrina que cont\u00e9m alguns dos seus pertences com orgulho. Referiu ent\u00e3o: \u201c\u00c9 gratificante ver este espa\u00e7o que honra todos aqueles que fizeram e fazem parte da Hist\u00f3ria do Sporting.\u201d<\/p>\n<p>A esposa do \u201cviolino\u201d Jesus Correia foi uma das pessoas que fez quest\u00e3o de marcar presen\u00e7a neste evento. Ester Jesus Correia afirmou que o Mundo Sporting \u201cest\u00e1 muito bonito. \u00c9 um espa\u00e7o digno do Sporting e sobretudo \u00e9 uma forma muito bonita de honrar os atletas que passaram por este Clube.\u201d<\/p>\n<p>Hoje em dia o Mundo Sporting continua a receber muitas visitas todos os anos embora um clube com a Hist\u00f3ria do Sporting Clube de Portugal merecesse um espa\u00e7o mais arrebatador, melhor pensado e projetado&#8230;<\/p>\n<div class=\"tweetthis\" style=\"text-align:left;\"><p> <a target=\"_blank\" rel=\"nofollow\" class=\"tt\" href=\"http:\/\/twitter.com\/home\/?status=2004+%E2%80%93+A+abertura+do+%E2%80%9CMundo+Sporting%E2%80%9D+https%3A%2F%2Fis.gd%2FdyNdeW\" title=\"Post to Twitter\"><img decoding=\"async\" class=\"nothumb\" src=\"http:\/\/www.sportingcanal.com\/wp-content\/plugins\/tweet-this\/icons\/en\/twitter\/tt-twitter6.png\" alt=\"Post to Twitter\" \/><\/a><\/p><\/div>","protected":false},"excerpt":{"rendered":"<p>31 de Agosto de 2004. Eram precisamente 18h35 quando o &#8220;Mundo Sporting&#8221; foi inaugurado por Ant\u00f3nio Dias da Cunha (presidente do Conselho Diretivo) e por Carmona Rodrigues (presidente da C\u00e2mara Municipal de Lisboa). Foram muitas as personalidades que fizeram quest\u00e3o de marcar presen\u00e7a num ato de t\u00e3o grande import\u00e2ncia para o clube. Dirigentes atuais e [&hellip;]<\/p>\n","protected":false},"author":1,"featured_media":38636,"comment_status":"open","ping_status":"open","sticky":false,"template":"","format":"standard","meta":{"_et_pb_use_builder":"","_et_pb_old_content":"","_et_gb_content_width":"","footnotes":""},"categories":[4],"tags":[],"_links":{"self":[{"href":"https:\/\/www.sportingcanal.com\/index.php?rest_route=\/wp\/v2\/posts\/6586"}],"collection":[{"href":"https:\/\/www.sportingcanal.com\/index.php?rest_route=\/wp\/v2\/posts"}],"about":[{"href":"https:\/\/www.sportingcanal.com\/index.php?rest_route=\/wp\/v2\/types\/post"}],"author":[{"embeddable":true,"href":"https:\/\/www.sportingcanal.com\/index.php?rest_route=\/wp\/v2\/users\/1"}],"replies":[{"embeddable":true,"href":"https:\/\/www.sportingcanal.com\/index.php?rest_route=%2Fwp%2Fv2%2Fcomments&post=6586"}],"version-history":[{"count":20,"href":"https:\/\/www.sportingcanal.com\/index.php?rest_route=\/wp\/v2\/posts\/6586\/revisions"}],"predecessor-version":[{"id":38637,"href":"https:\/\/www.sportingcanal.com\/index.php?rest_route=\/wp\/v2\/posts\/6586\/revisions\/38637"}],"wp:featuredmedia":[{"embeddable":true,"href":"https:\/\/www.sportingcanal.com\/index.php?rest_route=\/wp\/v2\/media\/38636"}],"wp:attachment":[{"href":"https:\/\/www.sportingcanal.com\/index.php?rest_route=%2Fwp%2Fv2%2Fmedia&parent=6586"}],"wp:term":[{"taxonomy":"category","embeddable":true,"href":"https:\/\/www.sportingcanal.com\/index.php?rest_route=%2Fwp%2Fv2%2Fcategories&post=6586"},{"taxonomy":"post_tag","embeddable":true,"href":"https:\/\/www.sportingcanal.com\/index.php?rest_route=%2Fwp%2Fv2%2Ftags&post=6586"}],"curies":[{"name":"wp","href":"https:\/\/api.w.org\/{rel}","templated":true}]}}