{"id":6589,"date":"2025-09-01T08:30:27","date_gmt":"2025-09-01T07:30:27","guid":{"rendered":"http:\/\/www.sportingcanal.com\/?p=6589"},"modified":"2025-09-02T15:59:29","modified_gmt":"2025-09-02T14:59:29","slug":"1957-campeoes-nacionais-de-fundo-por-equipas-contra-relogio-em-ciclismo","status":"publish","type":"post","link":"https:\/\/www.sportingcanal.com\/?p=6589","title":{"rendered":"1957 \u2013 Campe\u00f5es Nacionais de Fundo (por equipas \u2013 contra-rel\u00f3gio) em Ciclismo"},"content":{"rendered":"<p>1 de Setembro de 1957. A equipa de Ciclismo do Sporting sagrou-se Campe\u00e3 Nacional de Fundo por Equipas (depois de ter alcan\u00e7ado o ceptro regional), numa prova disputada em sistema de Contra-Rel\u00f3gio. O coletivo formado por Pedro Polainas, Am\u00e9rico Raposo e Manuel Gra\u00e7a (campe\u00e3o regional de fundo) venceu com uma diferen\u00e7a de 11m09s para o Acad\u00e9mico e 17 minutos para o FC Porto. A prova foi disputada no percurso Porto-Caminha-Porto, na dist\u00e2ncia de 185km, e se na ida os le\u00f5es chegaram no 3\u00ba posto, na volta foram absolutamente impar\u00e1veis, ascendendo \u00e0 lideran\u00e7a.<\/p>\n<p>No m\u00eas seguinte, no Est\u00e1dio do Lima, tamb\u00e9m no Porto, disputou-se o Campeonato Nacional de Velocidade. Com bancadas \u00e0 pinha torcendo pelo ciclista local (Onofre Tavares), Am\u00e9rico Raposo, um jovem ainda com 24 anos, venceu pela 4\u00aa vez a competi\u00e7\u00e3o mostrando \u00e0 saciedade que mais r\u00e1pido em Portugal, pura e simplesmente n\u00e3o existia.<\/p>\n<p>Nessa temporada de 1957 outros triunfos se conseguiram. Manuel Gra\u00e7a foi Campe\u00e3o Regional, Am\u00e9rico Raposo foi o brilhante vencedor do Festival de Ciclismo de Alpiar\u00e7a e Pedro Junior triunfou no Circuito das Libras (Figueira da Foz).<\/p>\n<p>Na foto: Am\u00e9rico Raposo e Pedro Polainas, duas das principais figuras do Ciclismo do Sporting \u00e0 \u00e9poca.<\/p>\n<div class=\"tweetthis\" style=\"text-align:left;\"><p> <a target=\"_blank\" rel=\"nofollow\" class=\"tt\" href=\"http:\/\/twitter.com\/home\/?status=1957+%E2%80%93+Campe%C3%B5es+Nacionais+de+Fundo+%28por+equipas+%E2%80%93+contra-rel%C3%B3gio%29+em+Ciclismo+https%3A%2F%2Fis.gd%2FwdtaTZ\" title=\"Post to Twitter\"><img decoding=\"async\" class=\"nothumb\" src=\"http:\/\/www.sportingcanal.com\/wp-content\/plugins\/tweet-this\/icons\/en\/twitter\/tt-twitter6.png\" alt=\"Post to Twitter\" \/><\/a><\/p><\/div>","protected":false},"excerpt":{"rendered":"<p>1 de Setembro de 1957. A equipa de Ciclismo do Sporting sagrou-se Campe\u00e3 Nacional de Fundo por Equipas (depois de ter alcan\u00e7ado o ceptro regional), numa prova disputada em sistema de Contra-Rel\u00f3gio. O coletivo formado por Pedro Polainas, Am\u00e9rico Raposo e Manuel Gra\u00e7a (campe\u00e3o regional de fundo) venceu com uma diferen\u00e7a de 11m09s para o [&hellip;]<\/p>\n","protected":false},"author":1,"featured_media":38663,"comment_status":"open","ping_status":"open","sticky":false,"template":"","format":"standard","meta":{"_et_pb_use_builder":"","_et_pb_old_content":"","_et_gb_content_width":"","footnotes":""},"categories":[17],"tags":[29],"_links":{"self":[{"href":"https:\/\/www.sportingcanal.com\/index.php?rest_route=\/wp\/v2\/posts\/6589"}],"collection":[{"href":"https:\/\/www.sportingcanal.com\/index.php?rest_route=\/wp\/v2\/posts"}],"about":[{"href":"https:\/\/www.sportingcanal.com\/index.php?rest_route=\/wp\/v2\/types\/post"}],"author":[{"embeddable":true,"href":"https:\/\/www.sportingcanal.com\/index.php?rest_route=\/wp\/v2\/users\/1"}],"replies":[{"embeddable":true,"href":"https:\/\/www.sportingcanal.com\/index.php?rest_route=%2Fwp%2Fv2%2Fcomments&post=6589"}],"version-history":[{"count":21,"href":"https:\/\/www.sportingcanal.com\/index.php?rest_route=\/wp\/v2\/posts\/6589\/revisions"}],"predecessor-version":[{"id":38664,"href":"https:\/\/www.sportingcanal.com\/index.php?rest_route=\/wp\/v2\/posts\/6589\/revisions\/38664"}],"wp:featuredmedia":[{"embeddable":true,"href":"https:\/\/www.sportingcanal.com\/index.php?rest_route=\/wp\/v2\/media\/38663"}],"wp:attachment":[{"href":"https:\/\/www.sportingcanal.com\/index.php?rest_route=%2Fwp%2Fv2%2Fmedia&parent=6589"}],"wp:term":[{"taxonomy":"category","embeddable":true,"href":"https:\/\/www.sportingcanal.com\/index.php?rest_route=%2Fwp%2Fv2%2Fcategories&post=6589"},{"taxonomy":"post_tag","embeddable":true,"href":"https:\/\/www.sportingcanal.com\/index.php?rest_route=%2Fwp%2Fv2%2Ftags&post=6589"}],"curies":[{"name":"wp","href":"https:\/\/api.w.org\/{rel}","templated":true}]}}