{"id":6604,"date":"2025-09-01T08:00:49","date_gmt":"2025-09-01T07:00:49","guid":{"rendered":"http:\/\/www.sportingcanal.com\/?p=6604"},"modified":"2025-09-02T15:59:25","modified_gmt":"2025-09-02T14:59:25","slug":"marlon-extremo-rapido-e-habilidoso","status":"publish","type":"post","link":"https:\/\/www.sportingcanal.com\/?p=6604","title":{"rendered":"Marlon \u2013 Extremo r\u00e1pido e habilidoso"},"content":{"rendered":"<p>Marlon Roniel Brand\u00e3o nasceu a 1 de Setembro de 1963 em Mar\u00edlia \u2013 Brasil. Come\u00e7ou a dar nas vistas no clube da sua terra com apenas 16 anos. Em 1982 chegou ao Guarani onde, devido \u00e0 sua baixa estatura (1m70cm) foi colocado a extremo-direito (at\u00e9 a\u00ed costumava alinhar como avan\u00e7ado-centro). Mais tarde passou pelo Esportivo e pelo Santa Cruz do Recife onde se tornou a grande estrela da equipa, ganhou o Campeonato Pernambucano e chegou \u00e0 sele\u00e7\u00e3o brasileira de base (uma esp\u00e9cie de sub-21).<\/p>\n<p>Veio para o Sporting ap\u00f3s uma verdadeira \u201cnovela\u201d (os respons\u00e1veis do Santa Cruz dificultaram imenso a sua sa\u00edda) no in\u00edcio de 1987. Come\u00e7ou por supreender nos primeiros treinos no Alvalade, criando grandes expectativas nos adeptos quanto ao seu valor. A 11 de Janeiro estreou-se oficialmente num Sporting-Rio Ave (0-0) que curiosamente foi o \u00faltimo do treinador Manuel Jos\u00e9 no clube. Marinho Mateus e Keith Burkinshaw foram os t\u00e9cnicos que se seguiram nessa temporada, e o extremo-direito brasileiro nunca se conseguiu fixar na equipa realizando apenas 10 partidas e marcando 2 golos, o 1\u00ba dos quais a 26 de Abril numa rece\u00e7\u00e3o ao Mar\u00edtimo (6-1). Marcou tamb\u00e9m na final da Ta\u00e7a de Portugal, n\u00e3o conseguindo, no entanto, evitar a derrota por 2-1 perante o Benfica.<\/p>\n<p>Para a temporada seguinte esperava-se muito do brasileiro ap\u00f3s o natural per\u00edodo de adapta\u00e7\u00e3o, mas Marlon n\u00e3o chegou a confirmar totalmente as suas credenciais. Ainda assim fez 25 jogos (4 golos), mas sem nunca se assumir como titular. Nessa \u00e9poca conquistou o seu \u00fanico t\u00edtulo pelo clube &#8211; a Superta\u00e7a, com 2 triunfos frente ao Benfica. No final da temporada (na altura das \u201cunhas\u201d de Jorge Gon\u00e7alves) foi emprestado ao Estrela da Amadora, e na Reboleira realizou uma excelente campanha, a ponto de ser resgatado para o Sporting para o in\u00edcio de 1989\/90. A\u00ed voltou a encontrar Manuel Jos\u00e9 e realizou a sua \u00e9poca mais efetiva no clube (depois tamb\u00e9m com V\u00edtor Damas e Ra\u00fal \u00c1guas) com 32 jogos e 3 golos, o \u00faltimo dos quais a 10 de Mar\u00e7o de 1990 num triunfo no Alvalade frente ao Portimonense por 1-0. A 29 de Abril alinhou pela \u00faltima vez de verde e branco num empate a zero na Madeira frente ao Uni\u00e3o.<\/p>\n<p>Com a \u201crevolu\u00e7\u00e3o\u201d promovida pelo presidente Sousa Cintra e pelo treinador Marinho Peres para a temporada 1990\/91 \u00a0acabou dispensado e abandonou o clube. Esteve um total de 3 \u00e9pocas na equipa leonina, tendo realizado 67 jogos oficiais e marcado 9 golos. Ganhou uma Superta\u00e7a. Apesar de n\u00e3o ter tido um sucesso retumbante de verde e branco, mostrou-se um extremo habilidoso, r\u00e1pido, com boa t\u00e9cnica e algum engodo pelas balizas advers\u00e1rias.<\/p>\n<p>Foi ent\u00e3o para o Boavista onde, mais uma vez, reencontrou Manuel Jos\u00e9. No Bessa realizou 4 excelentes temporadas, sendo decisivo nas conquistas duma Ta\u00e7a de Portugal e outra Superta\u00e7a. Em 1993\/94 transferiu-se para o Valladolid e depois ainda jogou nos EUA onde terminou a carreira encetando a atividade de empres\u00e1rio de jogadores.<\/p>\n<div class=\"tweetthis\" style=\"text-align:left;\"><p> <a target=\"_blank\" rel=\"nofollow\" class=\"tt\" href=\"http:\/\/twitter.com\/home\/?status=Marlon+%E2%80%93+Extremo+r%C3%A1pido+e+habilidoso+https%3A%2F%2Fis.gd%2FarTC00\" title=\"Post to Twitter\"><img decoding=\"async\" class=\"nothumb\" src=\"http:\/\/www.sportingcanal.com\/wp-content\/plugins\/tweet-this\/icons\/en\/twitter\/tt-twitter6.png\" alt=\"Post to Twitter\" \/><\/a><\/p><\/div>","protected":false},"excerpt":{"rendered":"<p>Marlon Roniel Brand\u00e3o nasceu a 1 de Setembro de 1963 em Mar\u00edlia \u2013 Brasil. Come\u00e7ou a dar nas vistas no clube da sua terra com apenas 16 anos. Em 1982 chegou ao Guarani onde, devido \u00e0 sua baixa estatura (1m70cm) foi colocado a extremo-direito (at\u00e9 a\u00ed costumava alinhar como avan\u00e7ado-centro). Mais tarde passou pelo Esportivo [&hellip;]<\/p>\n","protected":false},"author":1,"featured_media":38651,"comment_status":"open","ping_status":"open","sticky":false,"template":"","format":"standard","meta":{"_et_pb_use_builder":"","_et_pb_old_content":"","_et_gb_content_width":"","footnotes":""},"categories":[63],"tags":[66,8],"_links":{"self":[{"href":"https:\/\/www.sportingcanal.com\/index.php?rest_route=\/wp\/v2\/posts\/6604"}],"collection":[{"href":"https:\/\/www.sportingcanal.com\/index.php?rest_route=\/wp\/v2\/posts"}],"about":[{"href":"https:\/\/www.sportingcanal.com\/index.php?rest_route=\/wp\/v2\/types\/post"}],"author":[{"embeddable":true,"href":"https:\/\/www.sportingcanal.com\/index.php?rest_route=\/wp\/v2\/users\/1"}],"replies":[{"embeddable":true,"href":"https:\/\/www.sportingcanal.com\/index.php?rest_route=%2Fwp%2Fv2%2Fcomments&post=6604"}],"version-history":[{"count":21,"href":"https:\/\/www.sportingcanal.com\/index.php?rest_route=\/wp\/v2\/posts\/6604\/revisions"}],"predecessor-version":[{"id":38652,"href":"https:\/\/www.sportingcanal.com\/index.php?rest_route=\/wp\/v2\/posts\/6604\/revisions\/38652"}],"wp:featuredmedia":[{"embeddable":true,"href":"https:\/\/www.sportingcanal.com\/index.php?rest_route=\/wp\/v2\/media\/38651"}],"wp:attachment":[{"href":"https:\/\/www.sportingcanal.com\/index.php?rest_route=%2Fwp%2Fv2%2Fmedia&parent=6604"}],"wp:term":[{"taxonomy":"category","embeddable":true,"href":"https:\/\/www.sportingcanal.com\/index.php?rest_route=%2Fwp%2Fv2%2Fcategories&post=6604"},{"taxonomy":"post_tag","embeddable":true,"href":"https:\/\/www.sportingcanal.com\/index.php?rest_route=%2Fwp%2Fv2%2Ftags&post=6604"}],"curies":[{"name":"wp","href":"https:\/\/api.w.org\/{rel}","templated":true}]}}