{"id":6621,"date":"2025-08-31T08:00:03","date_gmt":"2025-08-31T07:00:03","guid":{"rendered":"http:\/\/www.sportingcanal.com\/?p=6621"},"modified":"2025-08-31T11:55:52","modified_gmt":"2025-08-31T10:55:52","slug":"o-1%c2%ba-campeao-nacional-leonino-de-natacao","status":"publish","type":"post","link":"https:\/\/www.sportingcanal.com\/?p=6621","title":{"rendered":"1924 &#8211; O 1\u00ba Campe\u00e3o Nacional leonino de Nata\u00e7\u00e3o"},"content":{"rendered":"<p><strong><a href=\"http:\/\/www.sportingcanal.com\/wp-content\/uploads\/2011\/08\/nata\u00e7\u00e3o-an\u00edbal-fel\u00edcio.png\"><img loading=\"lazy\" decoding=\"async\" class=\"alignleft size-full wp-image-6622\" title=\"nata\u00e7\u00e3o - an\u00edbal fel\u00edcio\" src=\"http:\/\/www.sportingcanal.com\/wp-content\/uploads\/2011\/08\/nata\u00e7\u00e3o-an\u00edbal-fel\u00edcio.png\" alt=\"\" width=\"300\" height=\"300\" srcset=\"https:\/\/www.sportingcanal.com\/wp-content\/uploads\/2011\/08\/nata\u00e7\u00e3o-an\u00edbal-fel\u00edcio.png 300w, https:\/\/www.sportingcanal.com\/wp-content\/uploads\/2011\/08\/nata\u00e7\u00e3o-an\u00edbal-fel\u00edcio-150x150.png 150w\" sizes=\"(max-width: 300px) 100vw, 300px\" \/><\/a><\/strong>A 31 de Agosto de 1924 um atleta sportinguista (An\u00edbal Fel\u00edcio) conseguiu pela 1\u00aa vez um t\u00edtulo nacional individual de Nata\u00e7\u00e3o. Tudo aconteceu nos 1.500 metros livres dos Campeonatos Nacionais.<\/p>\n<p>\u00c0 largada compareceram An\u00edbal Fel\u00edcio, Eduardo Vieira Alves (Sport Alg\u00e9s e Dafundo), Luis Alves Miguel (Club Sportivo Pedrou\u00e7os), Alfredo da Concei\u00e7\u00e3o (Vendedores de Jornais) e Faustino Jos\u00e9 Santana (Vit\u00f3ria de Set\u00fabal) \u2013 o grande favorito, porque era o atual campe\u00e3o. Ali\u00e1s, o setubalense partiu pujante, come\u00e7ando em \u201ccrawl\u201d, e esteve na frente at\u00e9 aos 300 metros. A\u00ed, An\u00edbal Fel\u00edcio, em bom estilo, com bom ritmo, sem pressas exageradas, tomou o 1\u00ba lugar depois de passar Concei\u00e7\u00e3o e Faustino. Faustino e Fel\u00edcio mantiveram uma boa luta, ambos nadando em \u201cover-arm\u201d, mas Fel\u00edcio parecia seguir melhor.<\/p>\n<p>A prova foi muito interessante. Entre os 700 e os 800 metros Faustino tentou desorientar o le\u00e3o, mas como o n\u00e3o o conseguiu apanhar acabou por agarrar-se ao torpedeiro e desistir. O bom andamento e a magn\u00edfica luta pela lideran\u00e7a despertaram entusiasmo, mas a partir dos 800 metros quedaram-se apenas 3 concorrentes em prova, 2 a tentar n\u00e3o perder muito terreno e um, An\u00edbal Fel\u00edcio, com a aspira\u00e7\u00e3o natural de aumentar o avan\u00e7o. At\u00e9 ao final a classifica\u00e7\u00e3o n\u00e3o se alterou, acabando at\u00e9 os concorrentes por aumentarem a dist\u00e2ncia entre si.<\/p>\n<p>Assim, An\u00edbal Fel\u00edcio tornou-se o 1\u00ba Campe\u00e3o Nacional de Nata\u00e7\u00e3o do Sporting, obtendo uma extraordin\u00e1ria vit\u00f3ria com mais de 1 minuto de avan\u00e7o de Alfredo da Concei\u00e7\u00e3o. O brilhante nadador leonino confirmou assim a vit\u00f3ria que j\u00e1 obtivera no Regional lisboeta. Tamb\u00e9m Campe\u00e3o Regional nessa temporada foi Emile Renou, na especialidade de Saltos para a \u00c1gua.<\/p>\n<div class=\"tweetthis\" style=\"text-align:left;\"><p> <a target=\"_blank\" rel=\"nofollow\" class=\"tt\" href=\"http:\/\/twitter.com\/home\/?status=1924+%E2%80%93+O+1%C2%BA+Campe%C3%A3o+Nacional+leonino+de+Nata%C3%A7%C3%A3o+https%3A%2F%2Fis.gd%2FEeEDWv\" title=\"Post to Twitter\"><img decoding=\"async\" class=\"nothumb\" src=\"http:\/\/www.sportingcanal.com\/wp-content\/plugins\/tweet-this\/icons\/en\/twitter\/tt-twitter6.png\" alt=\"Post to Twitter\" \/><\/a><\/p><\/div>","protected":false},"excerpt":{"rendered":"<p>A 31 de Agosto de 1924 um atleta sportinguista (An\u00edbal Fel\u00edcio) conseguiu pela 1\u00aa vez um t\u00edtulo nacional individual de Nata\u00e7\u00e3o. Tudo aconteceu nos 1.500 metros livres dos Campeonatos Nacionais. \u00c0 largada compareceram An\u00edbal Fel\u00edcio, Eduardo Vieira Alves (Sport Alg\u00e9s e Dafundo), Luis Alves Miguel (Club Sportivo Pedrou\u00e7os), Alfredo da Concei\u00e7\u00e3o (Vendedores de Jornais) e [&hellip;]<\/p>\n","protected":false},"author":1,"featured_media":38638,"comment_status":"open","ping_status":"open","sticky":false,"template":"","format":"standard","meta":{"_et_pb_use_builder":"","_et_pb_old_content":"","_et_gb_content_width":"","footnotes":""},"categories":[4],"tags":[33],"_links":{"self":[{"href":"https:\/\/www.sportingcanal.com\/index.php?rest_route=\/wp\/v2\/posts\/6621"}],"collection":[{"href":"https:\/\/www.sportingcanal.com\/index.php?rest_route=\/wp\/v2\/posts"}],"about":[{"href":"https:\/\/www.sportingcanal.com\/index.php?rest_route=\/wp\/v2\/types\/post"}],"author":[{"embeddable":true,"href":"https:\/\/www.sportingcanal.com\/index.php?rest_route=\/wp\/v2\/users\/1"}],"replies":[{"embeddable":true,"href":"https:\/\/www.sportingcanal.com\/index.php?rest_route=%2Fwp%2Fv2%2Fcomments&post=6621"}],"version-history":[{"count":19,"href":"https:\/\/www.sportingcanal.com\/index.php?rest_route=\/wp\/v2\/posts\/6621\/revisions"}],"predecessor-version":[{"id":38639,"href":"https:\/\/www.sportingcanal.com\/index.php?rest_route=\/wp\/v2\/posts\/6621\/revisions\/38639"}],"wp:featuredmedia":[{"embeddable":true,"href":"https:\/\/www.sportingcanal.com\/index.php?rest_route=\/wp\/v2\/media\/38638"}],"wp:attachment":[{"href":"https:\/\/www.sportingcanal.com\/index.php?rest_route=%2Fwp%2Fv2%2Fmedia&parent=6621"}],"wp:term":[{"taxonomy":"category","embeddable":true,"href":"https:\/\/www.sportingcanal.com\/index.php?rest_route=%2Fwp%2Fv2%2Fcategories&post=6621"},{"taxonomy":"post_tag","embeddable":true,"href":"https:\/\/www.sportingcanal.com\/index.php?rest_route=%2Fwp%2Fv2%2Ftags&post=6621"}],"curies":[{"name":"wp","href":"https:\/\/api.w.org\/{rel}","templated":true}]}}