{"id":6643,"date":"2025-09-05T09:00:12","date_gmt":"2025-09-05T08:00:12","guid":{"rendered":"http:\/\/www.sportingcanal.com\/?p=6643"},"modified":"2025-09-05T12:19:00","modified_gmt":"2025-09-05T11:19:00","slug":"1943-temporada-excelente-para-o-atletismo-leonino","status":"publish","type":"post","link":"https:\/\/www.sportingcanal.com\/?p=6643","title":{"rendered":"1943 \u2013 Temporada excelente para o Atletismo leonino"},"content":{"rendered":"<p>5 de Setembro de 1943. Nesse dia (e na v\u00e9spera) disputaram-se os Campeonatos Nacionais de Atletismo, que inauguraram a nova pista do Sporting no Est\u00e1dio do Lumiar. No setor masculino o Sporting obteve a vit\u00f3ria coletiva (pela 2\u00aa vez), para al\u00e9m de 13 triunfos individuais (um espanto!), estando particularmente inspirados os atletas Fernando Louren\u00e7o &#8211; o homem mais r\u00e1pido de Portugal (t\u00edtulos em 100, 200 e 4X100), e Jo\u00e3o Jacinto (vit\u00f3rias nos 400, 800 e 4X400) \u2013 estava vingada a injusti\u00e7a da \u00e9poca anterior (devida a irregularidades v\u00e1rias que beneficiaram o Benfica).<\/p>\n<p>Os campe\u00f5es:<br \/>\n100m \u2013 Fernando Louren\u00e7o \u2013 10,8s<br \/>\n200m \u2013 Fernando Louren\u00e7o \u2013 22,5s<br \/>\n400m \u2013 Jo\u00e3o Jacinto \u2013 54s<br \/>\n4X100m \u2013 Evaristo, Abrunhosa, N\u00fancio e Fernando Louren\u00e7o \u2013 46s<br \/>\n400m barreiras \u2013 Ara\u00fajo \u2013 1m03,6s<br \/>\n800m \u2013 Jo\u00e3o Jacinto \u2013 2m07s<br \/>\n4X400m \u2013 Campos, Ara\u00fajo, Evaristo e Jo\u00e3o Jacinto<br \/>\n5.000m \u2013 Manuel Nogueira \u2013 16m34,2s<br \/>\n10.000m \u2013 Manuel Nogueira \u2013 36m06s<br \/>\nAltura \u2013 Jo\u00e3o Dur\u00e3es \u2013 1m75cm<br \/>\nComprimento \u2013 \u00c1lvaro Dias \u2013 6m30cm<br \/>\nDisco \u2013 Manuel da Silva \u2013 35m85cm<br \/>\nPeso \u2013 Em\u00eddio Ruivo \u2013 12m42cm<\/p>\n<p>Nas senhoras mais uma presta\u00e7\u00e3o coletiva de luxo. Olga Ribeiro, endiabrada, bateu de novo o recorde nacional dos 80 barreiras, agora com 15,2s, para al\u00e9m de triunfar nos 60, 3X60 e 150 metros! A multifacetada e vers\u00e1til Maria Ester Cabral tamb\u00e9m merece uma refer\u00eancia especial pelo facto de ter vencido os 3X60 metros, o salto em altura e o lan\u00e7amento do peso. No entanto, ainda n\u00e3o havia classifica\u00e7\u00e3o coletiva feminina oficial. As vencedoras:<\/p>\n<p>60m \u2013 Olga Ribeiro \u2013 8,4s<br \/>\n80m barreiras \u2013 Olga Ribeiro \u2013 15,2s (RN)<br \/>\n3X60m \u2013 Maria Ester Cabral, Judite Real e Olga Ribeiro \u2013 25,9s<br \/>\n150m \u2013 Olga Ribeiro \u2013 21,2s<br \/>\nAltura \u2013 Maria Ester Cabral<br \/>\nDisco \u2013 Ester Ramos<br \/>\nPeso \u2013 Maria Ester Cabral \u2013 7m64cm<\/p>\n<p>Estes Nacionais foram o ponto alto da \u00e9poca leonina de Atletismo, mas existiram v\u00e1rios outros motivos de interesse. Tudo come\u00e7ou a 9 de Maio com a 1\u00aa vit\u00f3ria de Alberto Ferreira no Campeonato Nacional de Crosse, ao qual correspondeu toda a equipa, que tamb\u00e9m obteve o t\u00edtulo (pela 9\u00aa vez &#8211; Manuel Nogueira foi 4\u00ba e An\u00edbal Bar\u00e3o 6\u00ba).<\/p>\n<p>A \u00e9poca de pista come\u00e7ou com a vit\u00f3ria coletiva no torneio organizado pelo Belenenses a que se seguiram os Campeonatos Regionais. A\u00ed, se a presta\u00e7\u00e3o masculina n\u00e3o foi brilhante (apesar de se ter conseguido 5 vit\u00f3rias, perdemos o t\u00edtulo para o Benfica), nas senhoras a vit\u00f3ria foi em toda a linha, avultando o recorde nacional dos 80 metros barreiras da fant\u00e1stica Olga Ribeiro (com 15,5s). Olga alcan\u00e7ou 4 t\u00edtulos, acrescentando ao j\u00e1 referido os de 60, 150 e 3X60 metros. Ester Ramos foi a mais valiosa nos lan\u00e7amentos do dardo e do disco.<\/p>\n<p>Foto: Alberto Ferreira, o Campe\u00e3o Nacional de Crosse.<\/p>\n<div class=\"tweetthis\" style=\"text-align:left;\"><p> <a target=\"_blank\" rel=\"nofollow\" class=\"tt\" href=\"http:\/\/twitter.com\/home\/?status=1943+%E2%80%93+Temporada+excelente+para+o+Atletismo+leonino+https%3A%2F%2Fis.gd%2FxlKErh\" title=\"Post to Twitter\"><img decoding=\"async\" class=\"nothumb\" src=\"http:\/\/www.sportingcanal.com\/wp-content\/plugins\/tweet-this\/icons\/en\/twitter\/tt-twitter6.png\" alt=\"Post to Twitter\" \/><\/a><\/p><\/div>","protected":false},"excerpt":{"rendered":"<p>5 de Setembro de 1943. Nesse dia (e na v\u00e9spera) disputaram-se os Campeonatos Nacionais de Atletismo, que inauguraram a nova pista do Sporting no Est\u00e1dio do Lumiar. No setor masculino o Sporting obteve a vit\u00f3ria coletiva (pela 2\u00aa vez), para al\u00e9m de 13 triunfos individuais (um espanto!), estando particularmente inspirados os atletas Fernando Louren\u00e7o &#8211; [&hellip;]<\/p>\n","protected":false},"author":1,"featured_media":38690,"comment_status":"open","ping_status":"open","sticky":false,"template":"","format":"standard","meta":{"_et_pb_use_builder":"","_et_pb_old_content":"","_et_gb_content_width":"","footnotes":""},"categories":[17],"tags":[21,22,48],"_links":{"self":[{"href":"https:\/\/www.sportingcanal.com\/index.php?rest_route=\/wp\/v2\/posts\/6643"}],"collection":[{"href":"https:\/\/www.sportingcanal.com\/index.php?rest_route=\/wp\/v2\/posts"}],"about":[{"href":"https:\/\/www.sportingcanal.com\/index.php?rest_route=\/wp\/v2\/types\/post"}],"author":[{"embeddable":true,"href":"https:\/\/www.sportingcanal.com\/index.php?rest_route=\/wp\/v2\/users\/1"}],"replies":[{"embeddable":true,"href":"https:\/\/www.sportingcanal.com\/index.php?rest_route=%2Fwp%2Fv2%2Fcomments&post=6643"}],"version-history":[{"count":21,"href":"https:\/\/www.sportingcanal.com\/index.php?rest_route=\/wp\/v2\/posts\/6643\/revisions"}],"predecessor-version":[{"id":38692,"href":"https:\/\/www.sportingcanal.com\/index.php?rest_route=\/wp\/v2\/posts\/6643\/revisions\/38692"}],"wp:featuredmedia":[{"embeddable":true,"href":"https:\/\/www.sportingcanal.com\/index.php?rest_route=\/wp\/v2\/media\/38690"}],"wp:attachment":[{"href":"https:\/\/www.sportingcanal.com\/index.php?rest_route=%2Fwp%2Fv2%2Fmedia&parent=6643"}],"wp:term":[{"taxonomy":"category","embeddable":true,"href":"https:\/\/www.sportingcanal.com\/index.php?rest_route=%2Fwp%2Fv2%2Fcategories&post=6643"},{"taxonomy":"post_tag","embeddable":true,"href":"https:\/\/www.sportingcanal.com\/index.php?rest_route=%2Fwp%2Fv2%2Ftags&post=6643"}],"curies":[{"name":"wp","href":"https:\/\/api.w.org\/{rel}","templated":true}]}}