{"id":6682,"date":"2025-09-05T10:00:30","date_gmt":"2025-09-05T09:00:30","guid":{"rendered":"http:\/\/www.sportingcanal.com\/?p=6682"},"modified":"2025-09-05T12:19:12","modified_gmt":"2025-09-05T11:19:12","slug":"bom-inicio-de-temporada-com-7%c2%ba-triunfo-na-taca-de-honra-da-afl","status":"publish","type":"post","link":"https:\/\/www.sportingcanal.com\/?p=6682","title":{"rendered":"1965 &#8211; Bom in\u00edcio de \u00e9poca com 7\u00ba triunfo na Ta\u00e7a de Honra da AFL"},"content":{"rendered":"<p>5 de Setembro de 1965. Come\u00e7ou bem a \u00e9poca para o Futebol do Sporting com a conquista (pela 7\u00aa vez) da Ta\u00e7a de Honra da Associa\u00e7\u00e3o de Futebol de Lisboa. Depois de bater o Torreense por 2-1 (golos de Osvaldo Silva e Rudolfo Semin\u00e1rio), os le\u00f5es defrontaram na final o Benfica. A partida disputou-se no Est\u00e1dio do Restelo, tendo os le\u00f5es alinhado com: Carvalho; Lino, Alfredo, Dani e Hil\u00e1rio; Ferreira Pinto e Peres; Osvaldo Silva, Carlitos, Louren\u00e7o e Oliveira Duarte.<\/p>\n<p>Este jogo teve a curiosidade de fazer defrontarem-se pela 1\u00aa vez os irm\u00e3os Jos\u00e9 Ferreira Pinto (pelo Benfica) e Fernando Ferreira Pinto (pelo Sporting). Os le\u00f5es levaram a partida mais a s\u00e9rio fazendo alinhar, ao contr\u00e1rio do seu rival, uma equipa muito pr\u00f3xima daquela que se calcularia ser a base da temporada.<\/p>\n<p>Durante todo o 1\u00ba tempo o Sporting pareceu acusar muito a responsabilidade de ter a \u201cobriga\u00e7\u00e3o\u201d de ganhar perante uma equipa desfalcada, e \u00e0s poucas jogadas de perigo que criou faltou convic\u00e7\u00e3o na hora do remate. Os le\u00f5es at\u00e9 estavam a favor do vento, mas afunilaram muito o jogo criando dificuldades a eles pr\u00f3prios, ainda por cima com o abuso do passe comprido.<\/p>\n<p>Aos 37 minutos surgiu um aspeto importante da partida, com uma carga violenta de Alfredo sobre N\u00e9lson que o impossibilitou e fez o Benfica jogar o tempo restante apenas com 10 homens. Ainda assim, foi no \u00faltimo f\u00f4lego da 1\u00aa parte que as \u00e1guias inauguraram o marcador. A centro de Ferreira Pinto, Pedras elevou-se completamente \u00e0 vontade, fazendo o golo.<\/p>\n<p>A surpresa n\u00e3o durou muito tempo, pois na 2\u00aa parte o Sporting melhorou muito e teve momentos de futebol muito bem jogado, inspirado na categoria de Peres, um ex-Belenenses. Oliveira Duarte e Lino estiveram muito bem, assim como os defesas Hil\u00e1rio e Dani. Perto dos 60 minutos os verde e brancos chegaram ao empate. Do centro do meio-campo benfiquista Peres cruzou para o lado direito onde Jacinto conseguiu afastar com dificuldades a bola da sua \u00e1rea. Surgiu ent\u00e3o o le\u00e3o Ferreira Pinto, em corrida, a fazer um remate portentoso de for\u00e7a e coloca\u00e7\u00e3o para dentro da baliza de Melo.<\/p>\n<p>O Sporting criou neste per\u00edodo diversas oportunidades, mas Louren\u00e7o esteve desinspirado, Carlitos e Osvaldo Silva com pouco ritmo de jogo. A 3 minutos do final do prolongamento o Sporting chegou \u00e0 vit\u00f3ria atrav\u00e9s dum estupendo remate de Peres de fora da \u00e1rea.<\/p>\n<p>Peres foi mesmo a grande figura da equipa leonina, jogando, fazendo jogar e prometendo muito para a temporada que agora come\u00e7ava. No final os le\u00f5es estavam satisfeitos pela conquista do trof\u00e9u. Na opini\u00e3o do Arq. Anselmo Fernandez (o treinador): \u201cNunca desconsideramos o p\u00fablico do futebol (aludindo ao facto de o Benfica ter apresentado uma equipa de recurso). Sobre o jogo acho que a vit\u00f3ria assenta bem \u00e0 nossa equipa\u201d. Para Juca (adjunto) a vit\u00f3ria tamb\u00e9m \u201cn\u00e3o teve discuss\u00e3o poss\u00edvel, fomos sempre superiores em todos os aspetos\u201d.<\/p>\n<p>Foto: A equipa com o trof\u00e9u conquistado.<\/p>\n<div class=\"tweetthis\" style=\"text-align:left;\"><p> <a target=\"_blank\" rel=\"nofollow\" class=\"tt\" href=\"http:\/\/twitter.com\/home\/?status=1965+%E2%80%93+Bom+in%C3%ADcio+de+%C3%A9poca+com+7%C2%BA+triunfo+na+Ta%C3%A7a+de+Honra+da+AFL+https%3A%2F%2Fis.gd%2FNLninZ\" title=\"Post to Twitter\"><img decoding=\"async\" class=\"nothumb\" src=\"http:\/\/www.sportingcanal.com\/wp-content\/plugins\/tweet-this\/icons\/en\/twitter\/tt-twitter6.png\" alt=\"Post to Twitter\" \/><\/a><\/p><\/div>","protected":false},"excerpt":{"rendered":"<p>5 de Setembro de 1965. Come\u00e7ou bem a \u00e9poca para o Futebol do Sporting com a conquista (pela 7\u00aa vez) da Ta\u00e7a de Honra da Associa\u00e7\u00e3o de Futebol de Lisboa. Depois de bater o Torreense por 2-1 (golos de Osvaldo Silva e Rudolfo Semin\u00e1rio), os le\u00f5es defrontaram na final o Benfica. A partida disputou-se no [&hellip;]<\/p>\n","protected":false},"author":1,"featured_media":38693,"comment_status":"open","ping_status":"open","sticky":false,"template":"","format":"standard","meta":{"_et_pb_use_builder":"","_et_pb_old_content":"","_et_gb_content_width":"","footnotes":""},"categories":[4],"tags":[8,76,69],"_links":{"self":[{"href":"https:\/\/www.sportingcanal.com\/index.php?rest_route=\/wp\/v2\/posts\/6682"}],"collection":[{"href":"https:\/\/www.sportingcanal.com\/index.php?rest_route=\/wp\/v2\/posts"}],"about":[{"href":"https:\/\/www.sportingcanal.com\/index.php?rest_route=\/wp\/v2\/types\/post"}],"author":[{"embeddable":true,"href":"https:\/\/www.sportingcanal.com\/index.php?rest_route=\/wp\/v2\/users\/1"}],"replies":[{"embeddable":true,"href":"https:\/\/www.sportingcanal.com\/index.php?rest_route=%2Fwp%2Fv2%2Fcomments&post=6682"}],"version-history":[{"count":22,"href":"https:\/\/www.sportingcanal.com\/index.php?rest_route=\/wp\/v2\/posts\/6682\/revisions"}],"predecessor-version":[{"id":38694,"href":"https:\/\/www.sportingcanal.com\/index.php?rest_route=\/wp\/v2\/posts\/6682\/revisions\/38694"}],"wp:featuredmedia":[{"embeddable":true,"href":"https:\/\/www.sportingcanal.com\/index.php?rest_route=\/wp\/v2\/media\/38693"}],"wp:attachment":[{"href":"https:\/\/www.sportingcanal.com\/index.php?rest_route=%2Fwp%2Fv2%2Fmedia&parent=6682"}],"wp:term":[{"taxonomy":"category","embeddable":true,"href":"https:\/\/www.sportingcanal.com\/index.php?rest_route=%2Fwp%2Fv2%2Fcategories&post=6682"},{"taxonomy":"post_tag","embeddable":true,"href":"https:\/\/www.sportingcanal.com\/index.php?rest_route=%2Fwp%2Fv2%2Ftags&post=6682"}],"curies":[{"name":"wp","href":"https:\/\/api.w.org\/{rel}","templated":true}]}}