{"id":6695,"date":"2025-09-07T10:00:51","date_gmt":"2025-09-07T09:00:51","guid":{"rendered":"http:\/\/www.sportingcanal.com\/?p=6695"},"modified":"2025-09-07T20:13:10","modified_gmt":"2025-09-07T19:13:10","slug":"1997-1%c2%aa-supertaca-para-o-andebol-frente-ao-abc","status":"publish","type":"post","link":"https:\/\/www.sportingcanal.com\/?p=6695","title":{"rendered":"1997 \u2013 1\u00aa Superta\u00e7a para o Andebol, frente ao ABC"},"content":{"rendered":"<p>7 de Setembro de 1997. Depois de na \u00e9poca anterior terem ficado perto das vit\u00f3rias no Campeonato Nacional e na Ta\u00e7a de Portugal mas de n\u00e3o terem vencido nada, Luis Hern\u00e2ni e Carlos Silva mantiveram-se no comando t\u00e9cnico da equipa de Andebol do Sporting, partindo para a nova \u00e9poca com as ambi\u00e7\u00f5es de sempre.<\/p>\n<p>As coisas come\u00e7aram bem com os le\u00f5es a conquistar a 1\u00aa Superta\u00e7a do seu historial, derrotando no Pavilh\u00e3o Municipal da Batalha o ABC de Braga por 28-18.\u00a0Houve confus\u00f5es criadas pela Federa\u00e7\u00e3o Portuguesa de Andebol no que diz respeito \u00e0 marca\u00e7\u00e3o da data da partida. O Sporting tamb\u00e9m n\u00e3o foi tido nem achado nesse processo, mas os bracarenses alinharam com uma equipa formada maioritariamente por juniores. Assim, apesar da vit\u00f3ria hist\u00f3rica do Sporting (na medida em que conquistou pela 1\u00aa vez a competi\u00e7\u00e3o), o triunfo n\u00e3o teve o mesmo \u201csabor\u201d que teria em condi\u00e7\u00f5es normais.<\/p>\n<p>A 1\u00aa parte foi fraca por parte dos sportinguistas, talvez convencidos que venceriam facilmente perante um advers\u00e1rio debilitado. No entanto os bracarenses foram galhardos, e o intervalo chegou com um escasso 14-13.<\/p>\n<p>No 2\u00ba per\u00edodo o cariz do encontro mudou radicalmente, pois os le\u00f5es aceleraram e a entrada de Tchikoulaev em jogo fez o n\u00edvel do Andebol produzido pela equipa subir muito. O triunfo acabou por ser dilatado e os festejos finais n\u00e3o ultrapassaram alguma sobriedade, motivada pelo contexto da situa\u00e7\u00e3o.<\/p>\n<p>O coordenador da Modalidade, Diamantino Ribeiro, afirmou no final: \u201cEste \u00e9 um t\u00edtulo que ficar\u00e1 na Hist\u00f3ria do clube, pois foi a nossa 1\u00aa Superta\u00e7a. Os jogadores deram o seu melhor e por isso est\u00e3o de parab\u00e9ns. Apresent\u00e1mo-nos no dia e na hora estabelecidos pela Federa\u00e7\u00e3o. Somos completamente alheios a qualquer outro tipo de situa\u00e7\u00e3o. Vencemos, o resto s\u00e3o coisas menores\u201d.<\/p>\n<p>Os le\u00f5es jogaram com: Carlos Ferreira, Vasco Ribeiro e Hugo Figueira; Jo\u00e3o Duarte (6), Nuno Fevereiro, Paulo Faria (1), Jo\u00e3o Monteiro (1), Pedro Gra\u00e7a (1), Rui Ferreira (5), Armando Pires (3), Lu\u00eds Gomes (5), David Gra\u00e7a (2), Vladimir Cveticanin (4) e Viktor Tchikoulaev.<\/p>\n<p>Foto: Carlos Ferreira recebendo o trof\u00e9u.<\/p>\n<div class=\"tweetthis\" style=\"text-align:left;\"><p> <a target=\"_blank\" rel=\"nofollow\" class=\"tt\" href=\"http:\/\/twitter.com\/home\/?status=1997+%E2%80%93+1%C2%AA+Superta%C3%A7a+para+o+Andebol%2C+frente+ao+ABC+https%3A%2F%2Fis.gd%2FHztdjF\" title=\"Post to Twitter\"><img decoding=\"async\" class=\"nothumb\" src=\"http:\/\/www.sportingcanal.com\/wp-content\/plugins\/tweet-this\/icons\/en\/twitter\/tt-twitter6.png\" alt=\"Post to Twitter\" \/><\/a><\/p><\/div>","protected":false},"excerpt":{"rendered":"<p>7 de Setembro de 1997. Depois de na \u00e9poca anterior terem ficado perto das vit\u00f3rias no Campeonato Nacional e na Ta\u00e7a de Portugal mas de n\u00e3o terem vencido nada, Luis Hern\u00e2ni e Carlos Silva mantiveram-se no comando t\u00e9cnico da equipa de Andebol do Sporting, partindo para a nova \u00e9poca com as ambi\u00e7\u00f5es de sempre. As [&hellip;]<\/p>\n","protected":false},"author":1,"featured_media":38708,"comment_status":"open","ping_status":"open","sticky":false,"template":"","format":"standard","meta":{"_et_pb_use_builder":"","_et_pb_old_content":"","_et_gb_content_width":"","footnotes":""},"categories":[17],"tags":[19,18],"_links":{"self":[{"href":"https:\/\/www.sportingcanal.com\/index.php?rest_route=\/wp\/v2\/posts\/6695"}],"collection":[{"href":"https:\/\/www.sportingcanal.com\/index.php?rest_route=\/wp\/v2\/posts"}],"about":[{"href":"https:\/\/www.sportingcanal.com\/index.php?rest_route=\/wp\/v2\/types\/post"}],"author":[{"embeddable":true,"href":"https:\/\/www.sportingcanal.com\/index.php?rest_route=\/wp\/v2\/users\/1"}],"replies":[{"embeddable":true,"href":"https:\/\/www.sportingcanal.com\/index.php?rest_route=%2Fwp%2Fv2%2Fcomments&post=6695"}],"version-history":[{"count":21,"href":"https:\/\/www.sportingcanal.com\/index.php?rest_route=\/wp\/v2\/posts\/6695\/revisions"}],"predecessor-version":[{"id":38709,"href":"https:\/\/www.sportingcanal.com\/index.php?rest_route=\/wp\/v2\/posts\/6695\/revisions\/38709"}],"wp:featuredmedia":[{"embeddable":true,"href":"https:\/\/www.sportingcanal.com\/index.php?rest_route=\/wp\/v2\/media\/38708"}],"wp:attachment":[{"href":"https:\/\/www.sportingcanal.com\/index.php?rest_route=%2Fwp%2Fv2%2Fmedia&parent=6695"}],"wp:term":[{"taxonomy":"category","embeddable":true,"href":"https:\/\/www.sportingcanal.com\/index.php?rest_route=%2Fwp%2Fv2%2Fcategories&post=6695"},{"taxonomy":"post_tag","embeddable":true,"href":"https:\/\/www.sportingcanal.com\/index.php?rest_route=%2Fwp%2Fv2%2Ftags&post=6695"}],"curies":[{"name":"wp","href":"https:\/\/api.w.org\/{rel}","templated":true}]}}