{"id":6736,"date":"2025-09-08T09:30:47","date_gmt":"2025-09-08T08:30:47","guid":{"rendered":"http:\/\/www.sportingcanal.com\/?p=6736"},"modified":"2025-09-08T18:12:27","modified_gmt":"2025-09-08T17:12:27","slug":"1940-faisca-e-sporting-triunfam-na-volta-a-portugal-em-bicicleta","status":"publish","type":"post","link":"https:\/\/www.sportingcanal.com\/?p=6736","title":{"rendered":"1940 \u2013 \u201cFa\u00edsca\u201d e Sporting triunfam na Volta a Portugal em bicicleta"},"content":{"rendered":"<p>8 de Setembro de 1940. Nesse dia terminou a 9\u00aa Volta a Portugal em bicicleta. Depois de Alfredo Trindade, em 1933, o Sporting conseguiu finalmente voltar a ter um ciclista seu como vencedor da competi\u00e7\u00e3o. Jos\u00e9 Albuquerque, mais conhecido por \u201cFa\u00edsca\u201d, triunfou brilhantemente com 3m20s de avan\u00e7o do benfiquista Aguiar Martins. Os le\u00f5es venceram por equipas (tamb\u00e9m pela 2\u00aa vez) e o final foi apote\u00f3tico com milhares e milhares de pessoas a aplaudir os atletas no Est\u00e1dio do Lumiar. Jo\u00e3o Louren\u00e7o foi 4\u00ba classificado e Francisco In\u00e1cio 5\u00ba, tendo a m\u00e9dia de 30,533km\/h constitu\u00eddo novo recorde.<\/p>\n<p>Em entrevista ao jornal \u201cOs Sports\u201d Jos\u00e9 Albuquerque afirmou: \u201cAntes de partir fiz para mim o estudo do percurso e dos advers\u00e1rios. A minha t\u00e1tica de ataque (para me desembara\u00e7ar de alguns competidores) resultou em pleno na 2\u00aa etapa. Depois planeei atacar a caminho da Guarda aproveitando as subidas das serras da Gardunha e da Estrela. Antes da Guarda tive fome&#8230; Tinha-me abastecido insuficientemente pelo facto de a algibeira ser pequena, pelo que por alturas do Teixoso senti fraqueza. Para o dia seguinte j\u00e1 arranjei outra camisola amarela, com uma algibeira maior! Na etapa para Vila Real podia ter perdido tudo pois partiram-se-me 3 aros duma roda \u00e0 passagem por Lamego e depois tive um furo. Quando me disseram na R\u00e9gua que o meu atraso era de 3 minutos receei. Valeu-me depois as subidas, nas quais ataquei com decis\u00e3o beneficiando das minhas faculdades de trepador. Em Santa Marta de Penagui\u00e3o j\u00e1 tinha os fugitivos \u00e0 vista. Na descida do Mar\u00e3o os 2 benfiquistas aumentaram muito o ritmo esperan\u00e7ados que eu, leve como sou, ca\u00edsse e perdesse muito tempo, o que seria f\u00e1cil com tanta areia na estrada. Fi-la com cuidado e como s\u00f3 perdi cerca de 1 minuto acabei por alcan\u00e7\u00e1-los e fui com eles at\u00e9 ao Porto. Depois para Lisboa segui cautelosamente para n\u00e3o me acontecer nada (&#8230;) Ap\u00f3s ter vencido a Volta muita coisa se modificou. Agora encontro facilidades em toda a parte. Os convites para festas s\u00e3o tantos que \u00e9 dif\u00edcil satisfazer todos!\u201d<\/p>\n<p>Com cerca de 40 contos de or\u00e7amento, o Ciclismo do Sporting (j\u00e1 sem Alfredo Trindade) teve uma \u00e9poca fenomenal que foi muito para al\u00e9m da gl\u00f3ria na Volta a Portugal. Os le\u00f5es tiveram o Campe\u00e3o Regional de fundo e velocidade (os nacionais n\u00e3o se disputaram) &#8211; Jo\u00e3o Louren\u00e7o,\u00a0 para al\u00e9m de terem triunfado em in\u00fameras outras competi\u00e7\u00f5es. Ali\u00e1s, Jo\u00e3o Louren\u00e7o esteve irresist\u00edvel, ganhando pr\u00e9mios atr\u00e1s de pr\u00e9mios. Tudo come\u00e7ou nos cl\u00e1ssicos 100km organizados pela Uni\u00e3o Velocip\u00e9dica Nacional. Depois, num corropio, Louren\u00e7o ganhou o Distrital de fundo, o &#8220;Lisboa-Caldas da Ra\u00ednha-Lisboa&#8221;, o Regional de velocidade, o &#8220;Lisboa-Peniche-Lisboa&#8221;, o 2\u00ba Grande Circuito da Foz e o 11\u00ba Giro do Minho.<\/p>\n<p>Em finais de Maio o Sporting passou a contar nas suas fileiras com Jos\u00e9 Martins, um bom ciclista que correra por Fran\u00e7a e Espanha nos \u00faltimos tempos. Martins rapidamente se integrou, conquistando tamb\u00e9m boas vit\u00f3rias, como o &#8220;Circuito dos Centen\u00e1rios&#8221; em Santar\u00e9m e a 12\u00aa Volta dos Campe\u00f5es.<\/p>\n<p>Francisco In\u00e1cio triunfou no Grande Circuito de Loures e o italiano Lu\u00eds Longo na Volta a Portugal \u201cem miniatura\u201d.<\/p>\n<p>Na foto: Jos\u00e9 Albuquerque, o &#8220;Fa\u00edsca&#8221;.<\/p>\n<div class=\"tweetthis\" style=\"text-align:left;\"><p> <a target=\"_blank\" rel=\"nofollow\" class=\"tt\" href=\"http:\/\/twitter.com\/home\/?status=1940+%E2%80%93+%E2%80%9CFa%C3%ADsca%E2%80%9D+e+Sporting+triunfam+na+Volta+a+Portugal+em+bicicleta+https%3A%2F%2Fis.gd%2FskbK08\" title=\"Post to Twitter\"><img decoding=\"async\" class=\"nothumb\" src=\"http:\/\/www.sportingcanal.com\/wp-content\/plugins\/tweet-this\/icons\/en\/twitter\/tt-twitter6.png\" alt=\"Post to Twitter\" \/><\/a><\/p><\/div>","protected":false},"excerpt":{"rendered":"<p>8 de Setembro de 1940. Nesse dia terminou a 9\u00aa Volta a Portugal em bicicleta. Depois de Alfredo Trindade, em 1933, o Sporting conseguiu finalmente voltar a ter um ciclista seu como vencedor da competi\u00e7\u00e3o. Jos\u00e9 Albuquerque, mais conhecido por \u201cFa\u00edsca\u201d, triunfou brilhantemente com 3m20s de avan\u00e7o do benfiquista Aguiar Martins. Os le\u00f5es venceram por [&hellip;]<\/p>\n","protected":false},"author":1,"featured_media":38725,"comment_status":"open","ping_status":"open","sticky":false,"template":"","format":"standard","meta":{"_et_pb_use_builder":"","_et_pb_old_content":"","_et_gb_content_width":"","footnotes":""},"categories":[17],"tags":[29],"_links":{"self":[{"href":"https:\/\/www.sportingcanal.com\/index.php?rest_route=\/wp\/v2\/posts\/6736"}],"collection":[{"href":"https:\/\/www.sportingcanal.com\/index.php?rest_route=\/wp\/v2\/posts"}],"about":[{"href":"https:\/\/www.sportingcanal.com\/index.php?rest_route=\/wp\/v2\/types\/post"}],"author":[{"embeddable":true,"href":"https:\/\/www.sportingcanal.com\/index.php?rest_route=\/wp\/v2\/users\/1"}],"replies":[{"embeddable":true,"href":"https:\/\/www.sportingcanal.com\/index.php?rest_route=%2Fwp%2Fv2%2Fcomments&post=6736"}],"version-history":[{"count":22,"href":"https:\/\/www.sportingcanal.com\/index.php?rest_route=\/wp\/v2\/posts\/6736\/revisions"}],"predecessor-version":[{"id":38727,"href":"https:\/\/www.sportingcanal.com\/index.php?rest_route=\/wp\/v2\/posts\/6736\/revisions\/38727"}],"wp:featuredmedia":[{"embeddable":true,"href":"https:\/\/www.sportingcanal.com\/index.php?rest_route=\/wp\/v2\/media\/38725"}],"wp:attachment":[{"href":"https:\/\/www.sportingcanal.com\/index.php?rest_route=%2Fwp%2Fv2%2Fmedia&parent=6736"}],"wp:term":[{"taxonomy":"category","embeddable":true,"href":"https:\/\/www.sportingcanal.com\/index.php?rest_route=%2Fwp%2Fv2%2Fcategories&post=6736"},{"taxonomy":"post_tag","embeddable":true,"href":"https:\/\/www.sportingcanal.com\/index.php?rest_route=%2Fwp%2Fv2%2Ftags&post=6736"}],"curies":[{"name":"wp","href":"https:\/\/api.w.org\/{rel}","templated":true}]}}