{"id":6750,"date":"2025-09-08T08:00:17","date_gmt":"2025-09-08T07:00:17","guid":{"rendered":"http:\/\/www.sportingcanal.com\/?p=6750"},"modified":"2025-09-08T18:12:06","modified_gmt":"2025-09-08T17:12:06","slug":"aniceto-simoes-figura-importante-da-era-dourada-do-crosse-leonino","status":"publish","type":"post","link":"https:\/\/www.sportingcanal.com\/?p=6750","title":{"rendered":"Aniceto Sim\u00f5es \u2013 Figura importante da \u201cera dourada\u201d do Crosse leonino"},"content":{"rendered":"<p>Aniceto Silva Sim\u00f5es nasceu a 8 de Setembro de 1945 em Lorv\u00e3o &#8211; Penacova. Come\u00e7ou no Atletismo no Salatinas do ACM de Coimbra, passando depois para o Santa Clara (da mesma cidade). Mais tarde correu pelo Benfica (entre 1973 e 1975). Em finais de 1976 ingressou no Sporting &#8211; ap\u00f3s os Jogos Ol\u00edmpicos de Montreal onde foi 8\u00ba classificado na final dos 5.000 metros batendo o recorde nacional que ent\u00e3o pertencia a Carlos Lopes e que viria a ser batido 2 anos mais tarde por Fernando Mamede.<\/p>\n<p>A sua 1\u00aa vit\u00f3ria de verde e branco foi o Grande Pr\u00e9mio do Natal de 1976. Logo a seguir, no Grande Pr\u00e9mio dos Reis, obteve o 2\u00ba triunfo em duas provas pelo Sporting! Em Fevereiro de 1977 ajudou a equipa de Crosse leonina a conquistar o seu 1\u00ba t\u00edtulo europeu ao classificar-se no 8\u00ba lugar na prova realizada em Pal\u00eancia. Nos Nacionais de pista por equipas os le\u00f5es ganharam folgadamente e Aniceto Sim\u00f5es contribuiu para o feito ao triunfar nos 5.000 e 10.000 metros.<\/p>\n<p>A \u00e9poca seguinte tamb\u00e9m come\u00e7ou bem para Aniceto Sim\u00f5es e para o Sporting. Os le\u00f5es venceram o Crosse de Lyon, e Sim\u00f5es foi 5\u00ba. Nos Nacionais de Crosse o Sporting venceu e Aniceto Sim\u00f5es foi 3\u00ba. Nos Nacionais de pista o Sporting venceu pela 11\u00aa vez consecutiva e Sim\u00f5es triunfou nos 5.000 metros.<\/p>\n<p>Em Fevereiro de 1979 a equipa de Crosse do Sporting foi Campe\u00e3 Europeia (em Arlon) pela 2\u00aa vez. Aniceto Sim\u00f5es foi 7\u00ba e dias depois venceu o Regional de Crosse. No Nacional foi 3\u00ba ajudando \u00e0 vit\u00f3ria coletiva. Nos Nacionais Individuais de pista venceu os 5.000 metros, o mesmo sucedendo na prova por equipas (mais um t\u00edtulo nacional coletivo).<\/p>\n<p>1980 n\u00e3o foi um ano famoso para ele, mas em 1981 o Sporting sagrou-se Campe\u00e3o Europeu de Crosse (em Varese) pela 3\u00aa vez, e Aniceto Sim\u00f5es conseguiu um importante 15\u00ba lugar, que constituiu o seu \u00faltimo grande feito como atleta.<\/p>\n<p>De real\u00e7ar ainda que Aniceto Sim\u00f5es esteve presente em 2 Campeonatos da Europa de Pista e 7 Mundiais de Crosse, para al\u00e9m dos j\u00e1 referidos Jogos Ol\u00edmpicos de 1976.<\/p>\n<p>Depois manteve-se no Sporting como um dos treinadores-adjuntos do setor de meio-fundo e fundo. Em 1990 ganhou o Pr\u00e9mio Stromp na categoria \u201cDedica\u00e7\u00e3o\u201d.\u00a0Em Julho de 1997 a C\u00e2mara Municipal de Penacova prestou-lhe homenagem, batizando com o seu nome o Pavilh\u00e3o Multidesportivo Municipal da localidade.\u00a0Em 2004 foi distinguido com o pr\u00e9mio \u201cBarca Serrana\u201d, atribu\u00eddo pelo N\u00facleo Sportinguista do Concelho de Penacova.<\/p>\n<div class=\"tweetthis\" style=\"text-align:left;\"><p> <a target=\"_blank\" rel=\"nofollow\" class=\"tt\" href=\"http:\/\/twitter.com\/home\/?status=Aniceto+Sim%C3%B5es+%E2%80%93+Figura+importante+da+%E2%80%9Cera+dourada%E2%80%9D+do+Crosse+leonino+https%3A%2F%2Fis.gd%2FnH4GBt\" title=\"Post to Twitter\"><img decoding=\"async\" class=\"nothumb\" src=\"http:\/\/www.sportingcanal.com\/wp-content\/plugins\/tweet-this\/icons\/en\/twitter\/tt-twitter6.png\" alt=\"Post to Twitter\" \/><\/a><\/p><\/div>","protected":false},"excerpt":{"rendered":"<p>Aniceto Silva Sim\u00f5es nasceu a 8 de Setembro de 1945 em Lorv\u00e3o &#8211; Penacova. Come\u00e7ou no Atletismo no Salatinas do ACM de Coimbra, passando depois para o Santa Clara (da mesma cidade). Mais tarde correu pelo Benfica (entre 1973 e 1975). Em finais de 1976 ingressou no Sporting &#8211; ap\u00f3s os Jogos Ol\u00edmpicos de Montreal [&hellip;]<\/p>\n","protected":false},"author":1,"featured_media":38730,"comment_status":"open","ping_status":"open","sticky":false,"template":"","format":"standard","meta":{"_et_pb_use_builder":"","_et_pb_old_content":"","_et_gb_content_width":"","footnotes":""},"categories":[63],"tags":[21,48],"_links":{"self":[{"href":"https:\/\/www.sportingcanal.com\/index.php?rest_route=\/wp\/v2\/posts\/6750"}],"collection":[{"href":"https:\/\/www.sportingcanal.com\/index.php?rest_route=\/wp\/v2\/posts"}],"about":[{"href":"https:\/\/www.sportingcanal.com\/index.php?rest_route=\/wp\/v2\/types\/post"}],"author":[{"embeddable":true,"href":"https:\/\/www.sportingcanal.com\/index.php?rest_route=\/wp\/v2\/users\/1"}],"replies":[{"embeddable":true,"href":"https:\/\/www.sportingcanal.com\/index.php?rest_route=%2Fwp%2Fv2%2Fcomments&post=6750"}],"version-history":[{"count":23,"href":"https:\/\/www.sportingcanal.com\/index.php?rest_route=\/wp\/v2\/posts\/6750\/revisions"}],"predecessor-version":[{"id":38731,"href":"https:\/\/www.sportingcanal.com\/index.php?rest_route=\/wp\/v2\/posts\/6750\/revisions\/38731"}],"wp:featuredmedia":[{"embeddable":true,"href":"https:\/\/www.sportingcanal.com\/index.php?rest_route=\/wp\/v2\/media\/38730"}],"wp:attachment":[{"href":"https:\/\/www.sportingcanal.com\/index.php?rest_route=%2Fwp%2Fv2%2Fmedia&parent=6750"}],"wp:term":[{"taxonomy":"category","embeddable":true,"href":"https:\/\/www.sportingcanal.com\/index.php?rest_route=%2Fwp%2Fv2%2Fcategories&post=6750"},{"taxonomy":"post_tag","embeddable":true,"href":"https:\/\/www.sportingcanal.com\/index.php?rest_route=%2Fwp%2Fv2%2Ftags&post=6750"}],"curies":[{"name":"wp","href":"https:\/\/api.w.org\/{rel}","templated":true}]}}