{"id":6753,"date":"2025-09-09T08:00:58","date_gmt":"2025-09-09T07:00:58","guid":{"rendered":"http:\/\/www.sportingcanal.com\/?p=6753"},"modified":"2025-09-09T10:25:08","modified_gmt":"2025-09-09T09:25:08","slug":"10%c2%aa-vitoria-na-taca-de-honra-da-afl-com-golo-de-careca","status":"publish","type":"post","link":"https:\/\/www.sportingcanal.com\/?p=6753","title":{"rendered":"1990 &#8211; 10\u00aa vit\u00f3ria na Ta\u00e7a de Honra da AFL com golo de Careca"},"content":{"rendered":"<p>9 de Setembro de 1990. Nesse dia o Sporting conquistou o seu 1\u00ba trof\u00e9u da temporada ao vencer a Ta\u00e7a de Honra da AFL, batendo o Benfica no Est\u00e1dio da Luz.\u00a0A equipa de Marinho Peres estava motivada com as vit\u00f3rias nos 3 primeiros jogos do Campeonato Nacional e n\u00e3o perdeu o ensejo de conquistar uma Ta\u00e7a que em tempos f\u00f4ra muito prestigiada, e que se procurava recuperar.<\/p>\n<p>No 1\u00ba jogo, no dia anterior, os le\u00f5es bateram no Alvalade o Belenenses por 2-0 com golos de Gomes (a fazer um in\u00edcio de \u00e9poca arrasador) e Lima.<\/p>\n<p>A final disputou-se no Est\u00e1dio da Luz perante 25.000 pessoas (o que honrou muito a competi\u00e7\u00e3o) tendo o Sporting alinhado com: Ivkovic (cap); Jo\u00e3o Luiz, Miguel, Luizinho e Leal; Bozinowski; Carlos Xavier, Douglas e Careca &#8211; Figo 88; Gomes e Lima.<\/p>\n<p>Perante um Benfica na sua m\u00e1xima for\u00e7a, o \u00fanico golo dos pupilos de Marinho Peres e da partida surgiu aos 22 minutos por Careca (que chegado algumas semanas antes f\u00f4ra apelidado pelo presidente Sousa Cintra como o \u201cnovo Eus\u00e9bio\u201d). Carlos Xavier marcou um pontap\u00e9 de canto da esquerda, houve um desvio de Neno (que n\u00e3o conseguiu segurar) e Careca surgiu muito bem ao 2\u00ba a concluir na insist\u00eancia.<\/p>\n<p>O Sporting fez um boa partida, sobretudo na 1\u00aa parte, na qual jogou deliberadamente ao ataque, procurando o golo. No 2\u00ba tempo a equipa mudou de sistema, optando pelo contra-ataque, mas os pupilos de Eriksson nunca conseguiram romper uma defesa sportinguista muito \u201csenhora de si\u201d. Ivkovic, com grande seguran\u00e7a, ter\u00e1 sido mesmo a principal figura da equipa verde e branca, tendo no final passeado o trof\u00e9u no relvado na companhia do presidente Sousa Cintra. O jogo foi de qualidade, com ambas as equipas a provarem que atravessavam um bom momento de forma.<\/p>\n<p>Foto: Os festejos no final pela conquista da Ta\u00e7a de Honra.<\/p>\n<p><a href=\"http:\/\/www.youtube.com\/watch?v=MSkB3rWnyr4\">video<\/a><\/p>\n<div class=\"tweetthis\" style=\"text-align:left;\"><p> <a target=\"_blank\" rel=\"nofollow\" class=\"tt\" href=\"http:\/\/twitter.com\/home\/?status=1990+%E2%80%93+10%C2%AA+vit%C3%B3ria+na+Ta%C3%A7a+de+Honra+da+AFL+com+golo+de+Careca+https%3A%2F%2Fis.gd%2FKXTRFP\" title=\"Post to Twitter\"><img decoding=\"async\" class=\"nothumb\" src=\"http:\/\/www.sportingcanal.com\/wp-content\/plugins\/tweet-this\/icons\/en\/twitter\/tt-twitter6.png\" alt=\"Post to Twitter\" \/><\/a><\/p><\/div>","protected":false},"excerpt":{"rendered":"<p>9 de Setembro de 1990. Nesse dia o Sporting conquistou o seu 1\u00ba trof\u00e9u da temporada ao vencer a Ta\u00e7a de Honra da AFL, batendo o Benfica no Est\u00e1dio da Luz.\u00a0A equipa de Marinho Peres estava motivada com as vit\u00f3rias nos 3 primeiros jogos do Campeonato Nacional e n\u00e3o perdeu o ensejo de conquistar uma [&hellip;]<\/p>\n","protected":false},"author":1,"featured_media":38736,"comment_status":"open","ping_status":"open","sticky":false,"template":"","format":"standard","meta":{"_et_pb_use_builder":"","_et_pb_old_content":"","_et_gb_content_width":"","footnotes":""},"categories":[4],"tags":[8,76,69],"_links":{"self":[{"href":"https:\/\/www.sportingcanal.com\/index.php?rest_route=\/wp\/v2\/posts\/6753"}],"collection":[{"href":"https:\/\/www.sportingcanal.com\/index.php?rest_route=\/wp\/v2\/posts"}],"about":[{"href":"https:\/\/www.sportingcanal.com\/index.php?rest_route=\/wp\/v2\/types\/post"}],"author":[{"embeddable":true,"href":"https:\/\/www.sportingcanal.com\/index.php?rest_route=\/wp\/v2\/users\/1"}],"replies":[{"embeddable":true,"href":"https:\/\/www.sportingcanal.com\/index.php?rest_route=%2Fwp%2Fv2%2Fcomments&post=6753"}],"version-history":[{"count":29,"href":"https:\/\/www.sportingcanal.com\/index.php?rest_route=\/wp\/v2\/posts\/6753\/revisions"}],"predecessor-version":[{"id":38737,"href":"https:\/\/www.sportingcanal.com\/index.php?rest_route=\/wp\/v2\/posts\/6753\/revisions\/38737"}],"wp:featuredmedia":[{"embeddable":true,"href":"https:\/\/www.sportingcanal.com\/index.php?rest_route=\/wp\/v2\/media\/38736"}],"wp:attachment":[{"href":"https:\/\/www.sportingcanal.com\/index.php?rest_route=%2Fwp%2Fv2%2Fmedia&parent=6753"}],"wp:term":[{"taxonomy":"category","embeddable":true,"href":"https:\/\/www.sportingcanal.com\/index.php?rest_route=%2Fwp%2Fv2%2Fcategories&post=6753"},{"taxonomy":"post_tag","embeddable":true,"href":"https:\/\/www.sportingcanal.com\/index.php?rest_route=%2Fwp%2Fv2%2Ftags&post=6753"}],"curies":[{"name":"wp","href":"https:\/\/api.w.org\/{rel}","templated":true}]}}