{"id":6780,"date":"2025-09-11T10:00:40","date_gmt":"2025-09-11T09:00:40","guid":{"rendered":"http:\/\/www.sportingcanal.com\/?p=6780"},"modified":"2025-09-11T11:44:09","modified_gmt":"2025-09-11T10:44:09","slug":"triunfo-na-taca-de-honra-com-3-0-ao-benfica","status":"publish","type":"post","link":"https:\/\/www.sportingcanal.com\/?p=6780","title":{"rendered":"1963 &#8211; Triunfo na Ta\u00e7a de Honra com 3-0 ao Benfica"},"content":{"rendered":"<p>11 de Setembro de 1963. Depois dum mau in\u00edcio de pr\u00e9-temporada com presen\u00e7as muito sofr\u00edveis no Torneio de Bilbau e no Torneio \u201cBodas de Ouro\u201d em Santander, o Sporting conseguiu recompor-se com a brilhante vit\u00f3ria na Ta\u00e7a de Honra da Associa\u00e7\u00e3o de Futebol de Lisboa (a 6\u00aa do palmar\u00e9s verde e branco).<\/p>\n<p>\u00c9 verdade que a competi\u00e7\u00e3o, apesar de bem vis\u00edvel, j\u00e1 n\u00e3o tinha o prest\u00edgio de outros tempos, mas uma final ganha frente ao Benfica tinha sempre o seu significado. Assim, depois de bater o Atl\u00e9tico CP por 5-3 (golos de Mascarenhas3 e B\u00e92), os le\u00f5es mediram for\u00e7as com os encarnados, no Restelo. Sob o comando de Gentil Cardoso, o Sporting alinhou com: Carvalho; Lino e Hil\u00e1rio; Mendes, L\u00facio e David Julius; Morais, B\u00e9 (a principal novidade da equipa de futebol para a nova \u00e9poca, vinda do Brasil), Mascarenhas, Alexandre Baptista e G\u00e9o.<\/p>\n<p>O Sporting entrou de forma altiva na partida, com grande personalidade, e logo aos 4 minutos, L\u00facio teve uma \u00f3tima oportunidade para inaugurar o marcador na marca\u00e7\u00e3o dum penalty (discut\u00edvel) &#8211; o tiro saiu forte (como sempre), mas \u00e0 figura de Rita.<\/p>\n<p>O Sporting praticava um futebol mais \u00e0 flor da relva, ao bom estilo brasileiro, enquanto os encarnados jogavam num estilo mais direto. A verdade \u00e9 que a bola tanto estava numa como na outra baliza, o que proporcionava um espet\u00e1culo interessante. Ao fim de 23 minutos de jogo o Sporting abriu o ativo. Da extrema-direita Morais fez um longo cruzamento sobre a defesa encarnada. Germano tocou a bola de cabe\u00e7a com pouca for\u00e7a, aproveitando Mascarenhas, sem a deixar cair no ch\u00e3o, para desferir um petardo sem prepara\u00e7\u00e3o e sem hip\u00f3teses para Rita.<\/p>\n<p>10 minutos depois Cruz tocou a bola com a m\u00e3o dentro da sua \u00e1rea. Na marca\u00e7\u00e3o do respetivo penalty B\u00e9 rematou potente e colocado, fazendo o 2-0.\u00a0At\u00e9 ao intervalo o ataque benfiquista mostrava-se cada vez mais desgarrado, sem compet\u00eancia para criar perigo junto da baliza de Carvalho.<\/p>\n<p>Na 2\u00aa parte o Sporting efetuou uma magn\u00edfica exibi\u00e7\u00e3o, que chegou a ser um regalo para os olhos. As oportunidades de golo surgiram com naturalidade, mas o golo da tranquilidade s\u00f3 apareceu aos 71 minutos. Morais fez uma bela jogada sobre a direita, fintou 2 advers\u00e1rios e centrou recuado para B\u00e9 apontar um golo monumental, pleno de for\u00e7a e coloca\u00e7\u00e3o.<\/p>\n<p>Em jeito final poder-se-\u00e0 dizer que a equipa do Sporting podia e devia ter ganho por uma vantagem mais clara perante um Benfica estranhamente ap\u00e1tico. Jogando com grande autoridade na defesa e decis\u00e3o no ataque, a equipa sportinguista apresentou um futebol muito prometedor. L\u00facio, Mendes e o novo recruta brasileiro B\u00e9, foram os melhores dum conjunto que, todo ele, funcionou muito bem, e come\u00e7ar a \u00e9poca com uma vit\u00f3ria por 3-0 sobre o Benfica, s\u00f3 podia moralizar as \u201ctropas\u201d.<\/p>\n<p>Foto: B\u00e9, uma aquisi\u00e7\u00e3o desta temporada que muito prometia.<\/p>\n<div class=\"tweetthis\" style=\"text-align:left;\"><p> <a target=\"_blank\" rel=\"nofollow\" class=\"tt\" href=\"http:\/\/twitter.com\/home\/?status=1963+%E2%80%93+Triunfo+na+Ta%C3%A7a+de+Honra+com+3-0+ao+Benfica+https%3A%2F%2Fis.gd%2FTnjEp5\" title=\"Post to Twitter\"><img decoding=\"async\" class=\"nothumb\" src=\"http:\/\/www.sportingcanal.com\/wp-content\/plugins\/tweet-this\/icons\/en\/twitter\/tt-twitter6.png\" alt=\"Post to Twitter\" \/><\/a><\/p><\/div>","protected":false},"excerpt":{"rendered":"<p>11 de Setembro de 1963. Depois dum mau in\u00edcio de pr\u00e9-temporada com presen\u00e7as muito sofr\u00edveis no Torneio de Bilbau e no Torneio \u201cBodas de Ouro\u201d em Santander, o Sporting conseguiu recompor-se com a brilhante vit\u00f3ria na Ta\u00e7a de Honra da Associa\u00e7\u00e3o de Futebol de Lisboa (a 6\u00aa do palmar\u00e9s verde e branco). \u00c9 verdade que [&hellip;]<\/p>\n","protected":false},"author":1,"featured_media":38758,"comment_status":"open","ping_status":"open","sticky":false,"template":"","format":"standard","meta":{"_et_pb_use_builder":"","_et_pb_old_content":"","_et_gb_content_width":"","footnotes":""},"categories":[4],"tags":[8,76,69],"_links":{"self":[{"href":"https:\/\/www.sportingcanal.com\/index.php?rest_route=\/wp\/v2\/posts\/6780"}],"collection":[{"href":"https:\/\/www.sportingcanal.com\/index.php?rest_route=\/wp\/v2\/posts"}],"about":[{"href":"https:\/\/www.sportingcanal.com\/index.php?rest_route=\/wp\/v2\/types\/post"}],"author":[{"embeddable":true,"href":"https:\/\/www.sportingcanal.com\/index.php?rest_route=\/wp\/v2\/users\/1"}],"replies":[{"embeddable":true,"href":"https:\/\/www.sportingcanal.com\/index.php?rest_route=%2Fwp%2Fv2%2Fcomments&post=6780"}],"version-history":[{"count":20,"href":"https:\/\/www.sportingcanal.com\/index.php?rest_route=\/wp\/v2\/posts\/6780\/revisions"}],"predecessor-version":[{"id":38759,"href":"https:\/\/www.sportingcanal.com\/index.php?rest_route=\/wp\/v2\/posts\/6780\/revisions\/38759"}],"wp:featuredmedia":[{"embeddable":true,"href":"https:\/\/www.sportingcanal.com\/index.php?rest_route=\/wp\/v2\/media\/38758"}],"wp:attachment":[{"href":"https:\/\/www.sportingcanal.com\/index.php?rest_route=%2Fwp%2Fv2%2Fmedia&parent=6780"}],"wp:term":[{"taxonomy":"category","embeddable":true,"href":"https:\/\/www.sportingcanal.com\/index.php?rest_route=%2Fwp%2Fv2%2Fcategories&post=6780"},{"taxonomy":"post_tag","embeddable":true,"href":"https:\/\/www.sportingcanal.com\/index.php?rest_route=%2Fwp%2Fv2%2Ftags&post=6780"}],"curies":[{"name":"wp","href":"https:\/\/api.w.org\/{rel}","templated":true}]}}