{"id":6798,"date":"2025-09-11T08:00:34","date_gmt":"2025-09-11T07:00:34","guid":{"rendered":"http:\/\/www.sportingcanal.com\/?p=6798"},"modified":"2025-09-11T11:43:47","modified_gmt":"2025-09-11T10:43:47","slug":"dani-um-medio-que-chegou-a-prometer-muito","status":"publish","type":"post","link":"https:\/\/www.sportingcanal.com\/?p=6798","title":{"rendered":"Dani \u2013 Um m\u00e9dio que chegou a prometer muito"},"content":{"rendered":"<p>Daniel Afonso da Silva nasceu a 11 de Setembro de 1945 em Lisboa. Fez a sua forma\u00e7\u00e3o futebol\u00edstica em Alvalade e, subido do juniores para os seniores, estreou-se oficialmente (com o treinador Jean Luciano) a 1 de Novembro de 1964 numa derrota na P\u00f3voa de Varzim por 3-1 para o Campeonato Nacional. Nessa temporada de estreia fez 6 jogos oficiais.<\/p>\n<p>Na \u00e9poca seguinte o Sporting chegou ao t\u00edtulo e o jovem Dani foi uma das revela\u00e7\u00f5es do ano. Realizou 30 jogos oficiais e marcou 1 golo (o \u00fanico de toda a carreira em Alvalade), a 28 de Novembro de 1965 num triunfo em Set\u00fabal por 2-1. Subitamente a sua utiliza\u00e7\u00e3o diminuiu de forma dr\u00e1stica, a ponto de jogar apenas uma vez em 66\/67. Na temporada seguinte fez 14 jogos e em 68\/69 alinhou somente duas vezes. Em 1970 o Sporting voltou aos t\u00edtulos, mas Dani s\u00f3 fez 4 jogos.<\/p>\n<p>Depois de uma \u00e9poca emprestado ao Sporting Farense, regressou para 1971\/72, mas voltou a jogar pouqu\u00edssimo (3 jogos) e tornou a ser emprestado, agora ao Uni\u00e3o de Coimbra. 1973\/74 foi a sua \u00faltima \u00e9poca no Sporting (de gl\u00f3ria para o clube \u2013 conquistou a \u201cdobradinha\u201d) mas, mais uma vez, n\u00e3o se conseguiu firmar na equipa, acabando por sair definitivamente. Alinhou pela \u00faltima vez a 9 de Junho de 1974, entrando no prolongamento da final da Ta\u00e7a de Portugal ganha ao Benfica por 2-1.<\/p>\n<p>Assim, esteve um total de 8 temporadas na equipa principal do Sporting, realizando 62 jogos oficiais e marcando 1 golo. Ganhou 3 Campeonatos Nacionais e uma Ta\u00e7a de Portugal. Foi um m\u00e9dio de bons recursos, que prometeu muito enquanto jovem, mas que acabou por n\u00e3o se conseguir afirmar de forma consistente na equipa leonina.<\/p>\n<p>Morreu a 14 de Setembro de 1990.<\/p>\n<div class=\"tweetthis\" style=\"text-align:left;\"><p> <a target=\"_blank\" rel=\"nofollow\" class=\"tt\" href=\"http:\/\/twitter.com\/home\/?status=Dani+%E2%80%93+Um+m%C3%A9dio+que+chegou+a+prometer+muito+https%3A%2F%2Fis.gd%2Fqptpd2\" title=\"Post to Twitter\"><img decoding=\"async\" class=\"nothumb\" src=\"http:\/\/www.sportingcanal.com\/wp-content\/plugins\/tweet-this\/icons\/en\/twitter\/tt-twitter6.png\" alt=\"Post to Twitter\" \/><\/a><\/p><\/div>","protected":false},"excerpt":{"rendered":"<p>Daniel Afonso da Silva nasceu a 11 de Setembro de 1945 em Lisboa. Fez a sua forma\u00e7\u00e3o futebol\u00edstica em Alvalade e, subido do juniores para os seniores, estreou-se oficialmente (com o treinador Jean Luciano) a 1 de Novembro de 1964 numa derrota na P\u00f3voa de Varzim por 3-1 para o Campeonato Nacional. Nessa temporada de [&hellip;]<\/p>\n","protected":false},"author":1,"featured_media":38751,"comment_status":"open","ping_status":"open","sticky":false,"template":"","format":"standard","meta":{"_et_pb_use_builder":"","_et_pb_old_content":"","_et_gb_content_width":"","footnotes":""},"categories":[63],"tags":[8,64],"_links":{"self":[{"href":"https:\/\/www.sportingcanal.com\/index.php?rest_route=\/wp\/v2\/posts\/6798"}],"collection":[{"href":"https:\/\/www.sportingcanal.com\/index.php?rest_route=\/wp\/v2\/posts"}],"about":[{"href":"https:\/\/www.sportingcanal.com\/index.php?rest_route=\/wp\/v2\/types\/post"}],"author":[{"embeddable":true,"href":"https:\/\/www.sportingcanal.com\/index.php?rest_route=\/wp\/v2\/users\/1"}],"replies":[{"embeddable":true,"href":"https:\/\/www.sportingcanal.com\/index.php?rest_route=%2Fwp%2Fv2%2Fcomments&post=6798"}],"version-history":[{"count":22,"href":"https:\/\/www.sportingcanal.com\/index.php?rest_route=\/wp\/v2\/posts\/6798\/revisions"}],"predecessor-version":[{"id":38752,"href":"https:\/\/www.sportingcanal.com\/index.php?rest_route=\/wp\/v2\/posts\/6798\/revisions\/38752"}],"wp:featuredmedia":[{"embeddable":true,"href":"https:\/\/www.sportingcanal.com\/index.php?rest_route=\/wp\/v2\/media\/38751"}],"wp:attachment":[{"href":"https:\/\/www.sportingcanal.com\/index.php?rest_route=%2Fwp%2Fv2%2Fmedia&parent=6798"}],"wp:term":[{"taxonomy":"category","embeddable":true,"href":"https:\/\/www.sportingcanal.com\/index.php?rest_route=%2Fwp%2Fv2%2Fcategories&post=6798"},{"taxonomy":"post_tag","embeddable":true,"href":"https:\/\/www.sportingcanal.com\/index.php?rest_route=%2Fwp%2Fv2%2Ftags&post=6798"}],"curies":[{"name":"wp","href":"https:\/\/api.w.org\/{rel}","templated":true}]}}