{"id":6815,"date":"2025-09-13T08:30:54","date_gmt":"2025-09-13T07:30:54","guid":{"rendered":"http:\/\/www.sportingcanal.com\/?p=6815"},"modified":"2025-09-16T11:39:59","modified_gmt":"2025-09-16T10:39:59","slug":"os-jooes-das-bicicletas","status":"publish","type":"post","link":"https:\/\/www.sportingcanal.com\/?p=6815","title":{"rendered":"1945 &#8211; Os \u201cJo\u00f5es\u201d das bicicletas!"},"content":{"rendered":"<p>Setembro de 1945. Jo\u00e3o Louren\u00e7o (mais uma vez) e Jo\u00e3o Rebelo foram as grande figuras do Sporting na temporada cicl\u00edstica. Louren\u00e7o come\u00e7ou por ganhar a Prova de Abertura, depois dominou completamente o Regional de Lisboa de Fundo. No Ver\u00e3o alcan\u00e7ou diversos triunfos em provas que \u201cfervilhavam\u201d de popularidade. Come\u00e7ou por ganhar o Circuito da Bairrada (prova organizada pelo Sangalhos e na qual estiveram presentes todos os melhores ciclistas nacionais), depois dominou o Circuito de Alenquer (onde recuperou um atraso de 9 minutos duma fuga do marroquino Djilali). Mais tarde n\u00e3o deu hip\u00f3teses a ningu\u00e9m no \u201cLisboa-Santar\u00e9m-Lisboa\u201d, no &#8220;Lisboa-Azambuja-Lisboa&#8221; e no &#8220;Circuito do Oeste&#8221;. Foi tamb\u00e9m Campe\u00e3o Regional de velocidade.<\/p>\n<p>O outro Jo\u00e3o, o Rebelo, alcan\u00e7ou o \u00fanico t\u00edtulo nacional da \u00e9poca na modalidade para o Sporting &#8211; foi o Campeonato Nacional de Fundo, prova disputada no percurso das Caldas da Ra\u00ednha com ida pelo Cercal e regresso pela Malveira. O duelo com o portista Jorge Moreira foi de monta, mas o le\u00e3o foi mais forte. Seguiu-se uma participa\u00e7\u00e3o na Volta a Espanha em Bicicleta. A\u00ed Jo\u00e3o Rebelo honrou, e de que maneira, o nome de Portugal, a portar-se bravamente e conquistar um belo 6\u00ba lugar final (venceu duas etapas), para al\u00e9m de ser vice-l\u00edder do pr\u00e9mio da montanha. Por t\u00e3o bem representar o pa\u00eds, mostrando-se um excelente lutador, Jo\u00e3o Rebelo foi louvado, no regresso a Portugal, pela Direc\u00e7\u00e3o Geral dos Desportos.<\/p>\n<p>Outro ciclista leonino com triunfo numa prova em 1945 foi T\u00falio Pereira, o melhor no &#8220;Circuito da Malveira&#8221;.<\/p>\n<p>Foto: Jo\u00e3o Rebelo, Campe\u00e3o Nacional de fundo em 1945.<\/p>\n<div class=\"tweetthis\" style=\"text-align:left;\"><p> <a target=\"_blank\" rel=\"nofollow\" class=\"tt\" href=\"http:\/\/twitter.com\/home\/?status=1945+%E2%80%93+Os+%E2%80%9CJo%C3%B5es%E2%80%9D+das+bicicletas%21+https%3A%2F%2Fis.gd%2FseHAaW\" title=\"Post to Twitter\"><img decoding=\"async\" class=\"nothumb\" src=\"http:\/\/www.sportingcanal.com\/wp-content\/plugins\/tweet-this\/icons\/en\/twitter\/tt-twitter6.png\" alt=\"Post to Twitter\" \/><\/a><\/p><\/div>","protected":false},"excerpt":{"rendered":"<p>Setembro de 1945. Jo\u00e3o Louren\u00e7o (mais uma vez) e Jo\u00e3o Rebelo foram as grande figuras do Sporting na temporada cicl\u00edstica. Louren\u00e7o come\u00e7ou por ganhar a Prova de Abertura, depois dominou completamente o Regional de Lisboa de Fundo. No Ver\u00e3o alcan\u00e7ou diversos triunfos em provas que \u201cfervilhavam\u201d de popularidade. Come\u00e7ou por ganhar o Circuito da Bairrada [&hellip;]<\/p>\n","protected":false},"author":1,"featured_media":38774,"comment_status":"open","ping_status":"open","sticky":false,"template":"","format":"standard","meta":{"_et_pb_use_builder":"","_et_pb_old_content":"","_et_gb_content_width":"","footnotes":""},"categories":[4],"tags":[29],"_links":{"self":[{"href":"https:\/\/www.sportingcanal.com\/index.php?rest_route=\/wp\/v2\/posts\/6815"}],"collection":[{"href":"https:\/\/www.sportingcanal.com\/index.php?rest_route=\/wp\/v2\/posts"}],"about":[{"href":"https:\/\/www.sportingcanal.com\/index.php?rest_route=\/wp\/v2\/types\/post"}],"author":[{"embeddable":true,"href":"https:\/\/www.sportingcanal.com\/index.php?rest_route=\/wp\/v2\/users\/1"}],"replies":[{"embeddable":true,"href":"https:\/\/www.sportingcanal.com\/index.php?rest_route=%2Fwp%2Fv2%2Fcomments&post=6815"}],"version-history":[{"count":23,"href":"https:\/\/www.sportingcanal.com\/index.php?rest_route=\/wp\/v2\/posts\/6815\/revisions"}],"predecessor-version":[{"id":38775,"href":"https:\/\/www.sportingcanal.com\/index.php?rest_route=\/wp\/v2\/posts\/6815\/revisions\/38775"}],"wp:featuredmedia":[{"embeddable":true,"href":"https:\/\/www.sportingcanal.com\/index.php?rest_route=\/wp\/v2\/media\/38774"}],"wp:attachment":[{"href":"https:\/\/www.sportingcanal.com\/index.php?rest_route=%2Fwp%2Fv2%2Fmedia&parent=6815"}],"wp:term":[{"taxonomy":"category","embeddable":true,"href":"https:\/\/www.sportingcanal.com\/index.php?rest_route=%2Fwp%2Fv2%2Fcategories&post=6815"},{"taxonomy":"post_tag","embeddable":true,"href":"https:\/\/www.sportingcanal.com\/index.php?rest_route=%2Fwp%2Fv2%2Ftags&post=6815"}],"curies":[{"name":"wp","href":"https:\/\/api.w.org\/{rel}","templated":true}]}}