{"id":6820,"date":"2025-09-13T08:00:53","date_gmt":"2025-09-13T07:00:53","guid":{"rendered":"http:\/\/www.sportingcanal.com\/?p=6820"},"modified":"2025-09-13T16:49:24","modified_gmt":"2025-09-13T15:49:24","slug":"joaquim-ferreira-2","status":"publish","type":"post","link":"https:\/\/www.sportingcanal.com\/?p=6820","title":{"rendered":"Joaquim Ferreira"},"content":{"rendered":"<p>Joaquim Rodrigues Ferreira nasceu em 1898. Foi um dos mais brilhantes futebolistas portugueses dos anos 20, fazendo a dupla defensiva (jogando \u00e0 direita) mais badalada de sempre com Jorge Vieira (que alinhava \u00e0 esquerda) no Sporting.<\/p>\n<p>Tremendamente calmo, era muitas vezes criticado por \u201cbrincar\u201d, uma express\u00e3o que a comunica\u00e7\u00e3o social utilizava na \u00e9poca para definir as situa\u00e7\u00f5es em que os futebolistas adornavam um pouco (\u00e0s vezes demais e com consequ\u00eancias nefastas) as jogadas. Por outro lado, era ele normalmente o homem chamado para converter as grandes penalidades, precisamente devido \u00e0 tranquilidade que quase sempre patenteava.<\/p>\n<p>Estreou-se na 1\u00aa categoria do Sporting na temporada 1920\/21, e logo come\u00e7ou a fazer dupla com Jorge Vieira. No ano seguinte conquistou o seu 1\u00ba t\u00edtulo pelo clube \u2013 o Regional de Lisboa.<\/p>\n<p>A 24 de Junho de 1923 aconteceu o seu momento de maior gl\u00f3ria ao converter 2 penaltis na vit\u00f3ria do Sporting por 3-0 sobre a Acad\u00e9mica na final do Campeonato de Portugal, que os le\u00f5es venceram pela 1\u00aa vez. Nessa temporada foi tamb\u00e9m Campe\u00e3o Regional, t\u00edtulo que repetiria em 1924\/25.<\/p>\n<p>Permaneceu no Sporting, sempre como elemento fundamental da defesa, at\u00e9 ao final da temporada 1925\/26 (6 temporadas no total). Realizou cerca de 60 jogos e marcou v\u00e1rios golos, o \u00faltimo dos quais a 13 de Dezembro de 1925 num triunfo por 5-0 sobre o Uni\u00e3o Lisboa para o Campeonato Regional. Conquistou 1 Campeonato de Portugal e 3 Campeonatos Regionais.<\/p>\n<p>Depois jogou 7 anos no Vit\u00f3ria de Set\u00fabal onde manteve uma posi\u00e7\u00e3o destacada no panorama do futebol nacional. Foi duas vezes internacional A por Portugal.<\/p>\n<p>Em finais de Janeiro de 1945 substituiu (a troco de 1.800$ mensais) Jozef Szabo como treinador principal dos le\u00f5es. No 1\u00ba jogo, a 31 desse m\u00eas, os le\u00f5es bateram o Atletico Aviaci\u00f3n de Madrid (futuro Atl\u00e9tico Madrid) por 3-1, uma partida que deu brado e na qual os futebolistas leoninos obedeceram \u00e0 ordem do seu treinador de rematar \u00e0 baliza logo que tivessem hip\u00f3tese para tal. Oficialmente a estreia foi a 4 de Fevereiro num emocionante Sporting-Porto (5-4) para o Campeonato Nacional. Os le\u00f5es terminaram a prova no 2\u00ba lugar e partiram para a Ta\u00e7a de Portugal com o firme intuito de a conquistar. A carreira foi brilhante, com Porto e Benfica a ficarem pelo caminho mas os le\u00f5es chegaram \u00e0s Sal\u00e9sias (palco da final) quase \u201cpresos por arames\u201d devido a in\u00fameras les\u00f5es, e s\u00f3 uma excelente organiza\u00e7\u00e3o coletiva e uma bela jogada entre Armando Ferreira e Jesus Correia possibilitaram a vit\u00f3ria.<\/p>\n<p>Aos 46 anos, com fama de aventureiro e de se meter em neg\u00f3cios estranhos, foi, 1 m\u00eas volvido, brutalmente assassinado \u00e0 noite no Parque Eduardo VII e encontrado na manh\u00e3 seguinte por uma mulher que remexia os montes de lixo. Mais tarde a pol\u00edcia descobriu que o assassino f\u00f4ra o soldado Jo\u00e3o Jorge, madeirense a prestar servi\u00e7o no Batalh\u00e3o de Ca\u00e7adores 5. Os motivos&#8230; nunca foram conhecidos.<\/p>\n<p>Dessa forma terminou precocemente a carreira de treinador de futebol, na qual ficou como o 2\u00ba treinador da Hist\u00f3ria do Sporting com melhor rendimento, 81,25% (s\u00f3 superado por Robert Kelly).<\/p>\n<table border=\"1\" width=\"444\" cellspacing=\"0\" cellpadding=\"0\">\n<tbody>\n<tr>\n<td colspan=\"9\" valign=\"top\" width=\"444\"><strong>JOAQUIM FERREIRA como treinador do SPORTING<\/strong><\/td>\n<\/tr>\n<tr>\n<td valign=\"top\" width=\"73\">\u00c9POCA<\/td>\n<td valign=\"top\" width=\"38\">J<\/td>\n<td valign=\"top\" width=\"38\">V<\/td>\n<td valign=\"top\" width=\"38\">E<\/td>\n<td valign=\"top\" width=\"38\">D<\/td>\n<td valign=\"top\" width=\"42\">GM<\/td>\n<td valign=\"top\" width=\"42\">GS<\/td>\n<td valign=\"top\" width=\"68\">%<\/td>\n<td valign=\"top\" width=\"68\">T\u00cdTULOS<\/td>\n<\/tr>\n<tr>\n<td valign=\"top\" width=\"73\">1944\/45<\/td>\n<td valign=\"top\" width=\"38\">16<\/td>\n<td valign=\"top\" width=\"38\">12<\/td>\n<td valign=\"top\" width=\"38\">2<\/td>\n<td valign=\"top\" width=\"38\">2<\/td>\n<td valign=\"top\" width=\"42\">49<\/td>\n<td valign=\"top\" width=\"42\">25<\/td>\n<td valign=\"top\" width=\"68\">81,3<\/td>\n<td valign=\"top\" width=\"68\">TP<\/td>\n<\/tr>\n<\/tbody>\n<\/table>\n<div class=\"tweetthis\" style=\"text-align:left;\"><p> <a target=\"_blank\" rel=\"nofollow\" class=\"tt\" href=\"http:\/\/twitter.com\/home\/?status=Joaquim+Ferreira+https%3A%2F%2Fis.gd%2FImYjwa\" title=\"Post to Twitter\"><img decoding=\"async\" class=\"nothumb\" src=\"http:\/\/www.sportingcanal.com\/wp-content\/plugins\/tweet-this\/icons\/en\/twitter\/tt-twitter6.png\" alt=\"Post to Twitter\" \/><\/a><\/p><\/div>","protected":false},"excerpt":{"rendered":"<p>Joaquim Rodrigues Ferreira nasceu em 1898. Foi um dos mais brilhantes futebolistas portugueses dos anos 20, fazendo a dupla defensiva (jogando \u00e0 direita) mais badalada de sempre com Jorge Vieira (que alinhava \u00e0 esquerda) no Sporting. Tremendamente calmo, era muitas vezes criticado por \u201cbrincar\u201d, uma express\u00e3o que a comunica\u00e7\u00e3o social utilizava na \u00e9poca para definir [&hellip;]<\/p>\n","protected":false},"author":1,"featured_media":38772,"comment_status":"open","ping_status":"open","sticky":false,"template":"","format":"standard","meta":{"_et_pb_use_builder":"","_et_pb_old_content":"","_et_gb_content_width":"","footnotes":""},"categories":[13],"tags":[65,8,27],"_links":{"self":[{"href":"https:\/\/www.sportingcanal.com\/index.php?rest_route=\/wp\/v2\/posts\/6820"}],"collection":[{"href":"https:\/\/www.sportingcanal.com\/index.php?rest_route=\/wp\/v2\/posts"}],"about":[{"href":"https:\/\/www.sportingcanal.com\/index.php?rest_route=\/wp\/v2\/types\/post"}],"author":[{"embeddable":true,"href":"https:\/\/www.sportingcanal.com\/index.php?rest_route=\/wp\/v2\/users\/1"}],"replies":[{"embeddable":true,"href":"https:\/\/www.sportingcanal.com\/index.php?rest_route=%2Fwp%2Fv2%2Fcomments&post=6820"}],"version-history":[{"count":23,"href":"https:\/\/www.sportingcanal.com\/index.php?rest_route=\/wp\/v2\/posts\/6820\/revisions"}],"predecessor-version":[{"id":38773,"href":"https:\/\/www.sportingcanal.com\/index.php?rest_route=\/wp\/v2\/posts\/6820\/revisions\/38773"}],"wp:featuredmedia":[{"embeddable":true,"href":"https:\/\/www.sportingcanal.com\/index.php?rest_route=\/wp\/v2\/media\/38772"}],"wp:attachment":[{"href":"https:\/\/www.sportingcanal.com\/index.php?rest_route=%2Fwp%2Fv2%2Fmedia&parent=6820"}],"wp:term":[{"taxonomy":"category","embeddable":true,"href":"https:\/\/www.sportingcanal.com\/index.php?rest_route=%2Fwp%2Fv2%2Fcategories&post=6820"},{"taxonomy":"post_tag","embeddable":true,"href":"https:\/\/www.sportingcanal.com\/index.php?rest_route=%2Fwp%2Fv2%2Ftags&post=6820"}],"curies":[{"name":"wp","href":"https:\/\/api.w.org\/{rel}","templated":true}]}}