{"id":6902,"date":"2025-09-16T08:00:19","date_gmt":"2025-09-16T07:00:19","guid":{"rendered":"http:\/\/www.sportingcanal.com\/?p=6902"},"modified":"2025-09-16T11:39:36","modified_gmt":"2025-09-16T10:39:36","slug":"vitoria-espectacular-na-taca-maia-loureiro","status":"publish","type":"post","link":"https:\/\/www.sportingcanal.com\/?p=6902","title":{"rendered":"1951 &#8211; Vit\u00f3ria espetacular na Ta\u00e7a Maia Loureiro"},"content":{"rendered":"<p>16 de Setembro de 1951. Nesse o dia, ao derrotar o Benfica por 4-3, o Sporting conquistou o 1\u00ba trof\u00e9u da temporada futebol\u00edstica &#8211; Ta\u00e7a Maia Loureiro, disputada no Est\u00e1dio Nacional entre os &#8220;4 grandes&#8221; do nosso Futebol.<\/p>\n<p>Da compita fizeram tamb\u00e9m parte o FC Porto (batido pelos le\u00f5es uma semana antes por 4-2 \u2013 golos de Jesus Correia2, Travassos e Albano) e o Belenenses, que se defrontaram para disputa dos 3\u00ba e 4\u00ba lugares, tendo Matateu e Jos\u00e9 Maria Pedroto se estreado a\u00ed pelos \u201cazuis da cruz de Cristo\u201d.<\/p>\n<p>O treinador do Sporting era Randolph Galloway, que apresentou a seguinte equipa: Azevedo; Caldeira e Juvenal; Barros, Passos e Ver\u00edssimo (Manuel Gerv\u00e1sio); Jesus Correia, Travassos, Galileu, Albano e Martins.<\/p>\n<p>O jogo entre os 2 velhos arqui-rivais foi verdadeiramente surpreendente. Aos 3, 15 e 18 minutos o benfiquista Ars\u00e9nio fez 3 golos que parecia terem resolvido a partida, mas o Sporting reagiu \u201c\u00e0 le\u00e3o\u201d reduzindo aos 39 minutos para 3-1 num belo remate de Albano ao \u00e2ngulo superior.<\/p>\n<p>Para o 2\u00ba tempo os verde e brancos entraram motivados a mudar os acontecimentos, conseguindo aos 47 minutos o 2-3 num remate de \u00e2ngulo \u201cimposs\u00edvel\u201d de Jesus Correia &#8211; a bola, sem tocar em ningu\u00e9m, entrou \u201csem espinhas\u201d na baliza de Bastos, deixando toda a assist\u00eancia boquiaberta.<\/p>\n<p>Aos 68 minutos surgiu finalmente o golo do empate. Martins recebeu um passe de Albano, internou-se no terreno e rematou rasteiro, sem hip\u00f3tese de defesa.<\/p>\n<p>Quando j\u00e1 se pensava num poss\u00edvel prolongamento, Albano recebeu um passe, e fazendo uso da sua magn\u00edfica velocidade (em rela\u00e7\u00e3o ao benfiquista F\u00e9lix) conseguiu isolar-se e rematar em corrida fazendo um belo golo (que suscitou algumas d\u00favidas quanto \u00e0 sua legitimidade, pois, na altura, o avan\u00e7ado que se encontrasse em linha era considerado em fora-de-jogo&#8230;).\u00a0<span style=\"font-size: 13px; line-height: 19px;\">Ap\u00f3s uma recupera\u00e7\u00e3o not\u00e1vel, o Sporting vencia a competi\u00e7\u00e3o. <\/span><\/p>\n<p><span style=\"font-size: 13px; line-height: 19px;\">Segundo o jornal \u201cA Bola\u201d: \u201cPassos foi a figura fulcral da organiza\u00e7\u00e3o defensiva sportinguista. O guardi\u00e3o Azevedo parecia um mo\u00e7o pela agilidade com que se exibiu e o meio-campo esteve muito combativo. No ataque, de real\u00e7ar o acerto na coloca\u00e7\u00e3o de Albano a interior esquerdo e da passagem de Travassos para interior direito. O Sporting formou uma unidade, ao contr\u00e1rio do seu advers\u00e1rio, mais desgarrado\u201d.<\/span><\/p>\n<p>Foto (arquivo): Albano, que marcou 2 golos nesta inesquec\u00edvel final frente ao Benfica.<\/p>\n<div class=\"tweetthis\" style=\"text-align:left;\"><p> <a target=\"_blank\" rel=\"nofollow\" class=\"tt\" href=\"http:\/\/twitter.com\/home\/?status=1951+%E2%80%93+Vit%C3%B3ria+espetacular+na+Ta%C3%A7a+Maia+Loureiro+https%3A%2F%2Fis.gd%2Fy5S42o\" title=\"Post to Twitter\"><img decoding=\"async\" class=\"nothumb\" src=\"http:\/\/www.sportingcanal.com\/wp-content\/plugins\/tweet-this\/icons\/en\/twitter\/tt-twitter6.png\" alt=\"Post to Twitter\" \/><\/a><\/p><\/div>","protected":false},"excerpt":{"rendered":"<p>16 de Setembro de 1951. Nesse o dia, ao derrotar o Benfica por 4-3, o Sporting conquistou o 1\u00ba trof\u00e9u da temporada futebol\u00edstica &#8211; Ta\u00e7a Maia Loureiro, disputada no Est\u00e1dio Nacional entre os &#8220;4 grandes&#8221; do nosso Futebol. Da compita fizeram tamb\u00e9m parte o FC Porto (batido pelos le\u00f5es uma semana antes por 4-2 \u2013 [&hellip;]<\/p>\n","protected":false},"author":1,"featured_media":38788,"comment_status":"open","ping_status":"open","sticky":false,"template":"","format":"standard","meta":{"_et_pb_use_builder":"","_et_pb_old_content":"","_et_gb_content_width":"","footnotes":""},"categories":[4],"tags":[8,69],"_links":{"self":[{"href":"https:\/\/www.sportingcanal.com\/index.php?rest_route=\/wp\/v2\/posts\/6902"}],"collection":[{"href":"https:\/\/www.sportingcanal.com\/index.php?rest_route=\/wp\/v2\/posts"}],"about":[{"href":"https:\/\/www.sportingcanal.com\/index.php?rest_route=\/wp\/v2\/types\/post"}],"author":[{"embeddable":true,"href":"https:\/\/www.sportingcanal.com\/index.php?rest_route=\/wp\/v2\/users\/1"}],"replies":[{"embeddable":true,"href":"https:\/\/www.sportingcanal.com\/index.php?rest_route=%2Fwp%2Fv2%2Fcomments&post=6902"}],"version-history":[{"count":20,"href":"https:\/\/www.sportingcanal.com\/index.php?rest_route=\/wp\/v2\/posts\/6902\/revisions"}],"predecessor-version":[{"id":38789,"href":"https:\/\/www.sportingcanal.com\/index.php?rest_route=\/wp\/v2\/posts\/6902\/revisions\/38789"}],"wp:featuredmedia":[{"embeddable":true,"href":"https:\/\/www.sportingcanal.com\/index.php?rest_route=\/wp\/v2\/media\/38788"}],"wp:attachment":[{"href":"https:\/\/www.sportingcanal.com\/index.php?rest_route=%2Fwp%2Fv2%2Fmedia&parent=6902"}],"wp:term":[{"taxonomy":"category","embeddable":true,"href":"https:\/\/www.sportingcanal.com\/index.php?rest_route=%2Fwp%2Fv2%2Fcategories&post=6902"},{"taxonomy":"post_tag","embeddable":true,"href":"https:\/\/www.sportingcanal.com\/index.php?rest_route=%2Fwp%2Fv2%2Ftags&post=6902"}],"curies":[{"name":"wp","href":"https:\/\/api.w.org\/{rel}","templated":true}]}}