{"id":691,"date":"2025-08-13T08:00:34","date_gmt":"2025-08-13T07:00:34","guid":{"rendered":"http:\/\/www.sportingcanal.com\/?p=691"},"modified":"2025-08-13T13:00:18","modified_gmt":"2025-08-13T12:00:18","slug":"1961-atletismo-com-grande-dominio-na-pista-e-na-estrada","status":"publish","type":"post","link":"https:\/\/www.sportingcanal.com\/?p=691","title":{"rendered":"1961 \u2013 Na pista e na estrada, Atletismo leonino ganhou em todas as frentes"},"content":{"rendered":"<p>13 de Agosto de 1961. Num m\u00eas alucinante (pleno de \u00eaxitos), o Sporting sagrou-se Campe\u00e3o Nacional de Atletismo em pista (pela 13\u00aa vez e com 27 pontos de avan\u00e7o do Benfica). Pedro de Almeida, em grande destaque, bateu o recorde nacional do salto em comprimento com 7m38cm. Este atleta com 2 t\u00edtulos e Manuel Oliveira com outros 2, foram as principais figuras do coletivo. Os triunfos individuais:<\/p>\n<p>110m barreiras \u2013 Pedro de Almeida<br \/>\n800m \u2013 Rog\u00e9rio Gon\u00e7alves<br \/>\n1.500m \u2013 Manuel de Oliveira<br \/>\n4X400m \u2013 Neves da Silva, Jesus, Valentim e Rog\u00e9rio Gon\u00e7alves<br \/>\n3.000m obst\u00e1culos \u2013 Joaquim Ferreira<br \/>\n5.000m \u2013 Manuel de Oliveira<br \/>\n10.000m \u2013 \u00c1lvaro Conde<br \/>\nAltura \u2013 J\u00falio Fernandes<br \/>\nComprimento \u2013 Pedro de Almeida \u2013 7,38m (RN)<br \/>\nTriplo-Salto \u2013 H\u00e9lio Andrade<br \/>\nVara \u2013 Ant\u00f3nio Silva<\/p>\n<p>Uma semana se passou e foram as senhoras a ganhar o Nacional (pela 6\u00aa vez) que se realizou no Est\u00e1dio das Antas, no Porto. Francelina Anacleto voltou a bater a marca do comprimento com 4m98cm. L\u00eddia Faria, com 3 t\u00edtulos (4X100 metros, disco e peso) brilhou a grande altura. As campe\u00e3s:<\/p>\n<p>100m \u2013 Francelina Anacleto \u2013 13,2s<br \/>\n200m \u2013 Maria Fernanda Costa \u2013 28,4s<br \/>\n4X100m \u2013 Eul\u00e1lia Mendes, L\u00eddia Faria, Maria Preciosa Costa e Maria Fernanda Costa \u2013 53,6s<br \/>\nComprimento \u2013 Francelina Anacleto \u2013 4m98cm (RN)<br \/>\nDisco \u2013 L\u00eddia Faria \u2013 31m03cm<br \/>\nPeso \u2013 L\u00eddia Faria \u2013 9m37cm<\/p>\n<p>Num torneio em Alvalade, a 25 de Agosto, Manuel Oliveira bateu o recorde nacional dos 10.000 metros na 1\u00aa vez que percorreu a dist\u00e2ncia (!), fazendo 30m36,0s.<\/p>\n<p>J\u00e1 em Setembro os le\u00f5es venceram como habitualmente a Ta\u00e7a Dr. Fernando Amado, fechando a \u00e9poca com \u201cchave de ouro\u201d.<\/p>\n<p>Ser\u00e1 no entanto de sublinhar que os \u00eaxitos da temporada de 1961 na pista e na estrada \u00a0come\u00e7aram logo na S. Silvestre de Lisboa com o triunfo de Manuel Marques perante muitos milhares de pessoas. Entretanto Manuel Oliveira ia brilhando no Brasil, ao obter o 4\u00ba lugar na sua estreia na S. Silvestre de S. Paulo e ao ganhar os cl\u00e1ssicos 5.000 metros do Pacaembu.<\/p>\n<p>No in\u00edcio de Abril os le\u00f5es ganharam o Torneio Primavera ap\u00f3s \u201capertada\u201d luta com o Benfica. Uma semana depois regressou a Estafeta Cascais-Lisboa ap\u00f3s 5 anos de interregno. A equipa do Sporting constitu\u00edda por Feliciano Marques, \u00c1lvaro Conde, Armando Aldegalega, Joaquim Ferreira e Manuel Oliveira bateu a do Benfica por mais de 2 minutos numa demonstra\u00e7\u00e3o de grande superioridade.<\/p>\n<p>3 semanas mais tarde, Manuel Oliveira (j\u00e1 um verdadeiro fen\u00f3meno) conquistou o trof\u00e9u \u201cH\u00f3rreo de Plata\u201d ao ser considerado o melhor atleta num concurso disputado em Vigo no Est\u00e1dio de Bala\u00eddos. Oliveira venceu os 5.000 metros com 14m17,8s, batendo todos os principais atletas espanh\u00f3is.<\/p>\n<p>Em finais de Junho o Sporting venceu o Trof\u00e9u Tereza Herrera (a equipa de Futebol conquistaria a mesma competi\u00e7\u00e3o no dia seguinte), com 6 vit\u00f3rias individuais, onde avultou Valentim Baptista, que igualou o recorde nacional dos 400 metros com 48,2s.<\/p>\n<p>No in\u00edcio do Ver\u00e3o, os le\u00f5es arrebataram o 6\u00ba t\u00edtulo consecutivo nos Regionais, conquistando 12 vit\u00f3rias. Uma semana se passou e Francelina Anacleto (grande temporada) obteve novo m\u00e1ximo nacional no salto em comprimento com 4m75cm, numa reuni\u00e3o em Alvalade.<\/p>\n<p>J\u00e1 em Agosto, as leoas alcan\u00e7ariam o t\u00edtulo regional, no Est\u00e1dio Nacional, obtendo a\u00ed o recorde nacional dos 4X100 metros com L\u00eddia Faria, Francelina Anacleto, Preciosa Costa e Fernanda Costa a obterem 52,8s.<\/p>\n<p>Foto: Pedro de Almeida<\/p>\n<div class=\"tweetthis\" style=\"text-align:left;\"><p> <a target=\"_blank\" rel=\"nofollow\" class=\"tt\" href=\"http:\/\/twitter.com\/home\/?status=1961+%E2%80%93+Na+pista+e+na+estrada%2C+Atletismo+leonino+ganhou+em+todas+as+frentes+https%3A%2F%2Fis.gd%2FF0kMBy\" title=\"Post to Twitter\"><img decoding=\"async\" class=\"nothumb\" src=\"http:\/\/www.sportingcanal.com\/wp-content\/plugins\/tweet-this\/icons\/en\/twitter\/tt-twitter6.png\" alt=\"Post to Twitter\" \/><\/a><\/p><\/div>","protected":false},"excerpt":{"rendered":"<p>13 de Agosto de 1961. Num m\u00eas alucinante (pleno de \u00eaxitos), o Sporting sagrou-se Campe\u00e3o Nacional de Atletismo em pista (pela 13\u00aa vez e com 27 pontos de avan\u00e7o do Benfica). Pedro de Almeida, em grande destaque, bateu o recorde nacional do salto em comprimento com 7m38cm. Este atleta com 2 t\u00edtulos e Manuel Oliveira [&hellip;]<\/p>\n","protected":false},"author":1,"featured_media":38477,"comment_status":"open","ping_status":"open","sticky":false,"template":"","format":"standard","meta":{"_et_pb_use_builder":"","_et_pb_old_content":"","_et_gb_content_width":"","footnotes":""},"categories":[17],"tags":[21,22,28],"_links":{"self":[{"href":"https:\/\/www.sportingcanal.com\/index.php?rest_route=\/wp\/v2\/posts\/691"}],"collection":[{"href":"https:\/\/www.sportingcanal.com\/index.php?rest_route=\/wp\/v2\/posts"}],"about":[{"href":"https:\/\/www.sportingcanal.com\/index.php?rest_route=\/wp\/v2\/types\/post"}],"author":[{"embeddable":true,"href":"https:\/\/www.sportingcanal.com\/index.php?rest_route=\/wp\/v2\/users\/1"}],"replies":[{"embeddable":true,"href":"https:\/\/www.sportingcanal.com\/index.php?rest_route=%2Fwp%2Fv2%2Fcomments&post=691"}],"version-history":[{"count":26,"href":"https:\/\/www.sportingcanal.com\/index.php?rest_route=\/wp\/v2\/posts\/691\/revisions"}],"predecessor-version":[{"id":38479,"href":"https:\/\/www.sportingcanal.com\/index.php?rest_route=\/wp\/v2\/posts\/691\/revisions\/38479"}],"wp:featuredmedia":[{"embeddable":true,"href":"https:\/\/www.sportingcanal.com\/index.php?rest_route=\/wp\/v2\/media\/38477"}],"wp:attachment":[{"href":"https:\/\/www.sportingcanal.com\/index.php?rest_route=%2Fwp%2Fv2%2Fmedia&parent=691"}],"wp:term":[{"taxonomy":"category","embeddable":true,"href":"https:\/\/www.sportingcanal.com\/index.php?rest_route=%2Fwp%2Fv2%2Fcategories&post=691"},{"taxonomy":"post_tag","embeddable":true,"href":"https:\/\/www.sportingcanal.com\/index.php?rest_route=%2Fwp%2Fv2%2Ftags&post=691"}],"curies":[{"name":"wp","href":"https:\/\/api.w.org\/{rel}","templated":true}]}}