{"id":6955,"date":"2025-09-19T08:30:17","date_gmt":"2025-09-19T07:30:17","guid":{"rendered":"http:\/\/www.sportingcanal.com\/?p=6955"},"modified":"2025-09-21T18:46:00","modified_gmt":"2025-09-21T17:46:00","slug":"armando-marques-em-2%c2%ba-no-mundial-de-tiro-fosso-olimpico","status":"publish","type":"post","link":"https:\/\/www.sportingcanal.com\/?p=6955","title":{"rendered":"1977 &#8211; Armando Marques em 2\u00ba no Mundial de Tiro (Fosso Ol\u00edmpico)"},"content":{"rendered":"<p>19 de Setembro de 1977. Cerca de 1 ano depois de ter conquistado a medalha de prata nos Jogos Ol\u00edmpicos realizados em Montreal, Armando Marques voltou a destacar-se ao arrebatar\u00a0a medalha de prata, na modalidade de Fosso Ol\u00edmpico, do Campeonato do Mundo de Tiro disputado em Antibes.<\/p>\n<p>Na chegada a Lisboa afirmou: \u201cEste 2\u00ba lugar vale mais que o de Montreal\u201d. E as suas declara\u00e7\u00f5es justificavam-se plenamente. Nos Jogos Ol\u00edmpicos cada pa\u00eds s\u00f3 podia ter 2 representantes e nos Mundiais j\u00e1 era poss\u00edvel apresentarem 4, da\u00ed as suas raz\u00f5es. Estava provado que a t\u00e3o badalada medalha nos &#8220;Jogos&#8221; n\u00e3o tinha acontecido por acaso.<\/p>\n<p>Foto (arquivo)<\/p>\n<div class=\"tweetthis\" style=\"text-align:left;\"><p> <a target=\"_blank\" rel=\"nofollow\" class=\"tt\" href=\"http:\/\/twitter.com\/home\/?status=1977+%E2%80%93+Armando+Marques+em+2%C2%BA+no+Mundial+de+Tiro+%28Fosso+Ol%C3%ADmpico%29+https%3A%2F%2Fis.gd%2FDsjbgP\" title=\"Post to Twitter\"><img decoding=\"async\" class=\"nothumb\" src=\"http:\/\/www.sportingcanal.com\/wp-content\/plugins\/tweet-this\/icons\/en\/twitter\/tt-twitter6.png\" alt=\"Post to Twitter\" \/><\/a><\/p><\/div>","protected":false},"excerpt":{"rendered":"<p>19 de Setembro de 1977. Cerca de 1 ano depois de ter conquistado a medalha de prata nos Jogos Ol\u00edmpicos realizados em Montreal, Armando Marques voltou a destacar-se ao arrebatar\u00a0a medalha de prata, na modalidade de Fosso Ol\u00edmpico, do Campeonato do Mundo de Tiro disputado em Antibes. Na chegada a Lisboa afirmou: \u201cEste 2\u00ba lugar [&hellip;]<\/p>\n","protected":false},"author":1,"featured_media":38824,"comment_status":"open","ping_status":"open","sticky":false,"template":"","format":"standard","meta":{"_et_pb_use_builder":"","_et_pb_old_content":"","_et_gb_content_width":"","footnotes":""},"categories":[4],"tags":[39,80],"_links":{"self":[{"href":"https:\/\/www.sportingcanal.com\/index.php?rest_route=\/wp\/v2\/posts\/6955"}],"collection":[{"href":"https:\/\/www.sportingcanal.com\/index.php?rest_route=\/wp\/v2\/posts"}],"about":[{"href":"https:\/\/www.sportingcanal.com\/index.php?rest_route=\/wp\/v2\/types\/post"}],"author":[{"embeddable":true,"href":"https:\/\/www.sportingcanal.com\/index.php?rest_route=\/wp\/v2\/users\/1"}],"replies":[{"embeddable":true,"href":"https:\/\/www.sportingcanal.com\/index.php?rest_route=%2Fwp%2Fv2%2Fcomments&post=6955"}],"version-history":[{"count":20,"href":"https:\/\/www.sportingcanal.com\/index.php?rest_route=\/wp\/v2\/posts\/6955\/revisions"}],"predecessor-version":[{"id":38825,"href":"https:\/\/www.sportingcanal.com\/index.php?rest_route=\/wp\/v2\/posts\/6955\/revisions\/38825"}],"wp:featuredmedia":[{"embeddable":true,"href":"https:\/\/www.sportingcanal.com\/index.php?rest_route=\/wp\/v2\/media\/38824"}],"wp:attachment":[{"href":"https:\/\/www.sportingcanal.com\/index.php?rest_route=%2Fwp%2Fv2%2Fmedia&parent=6955"}],"wp:term":[{"taxonomy":"category","embeddable":true,"href":"https:\/\/www.sportingcanal.com\/index.php?rest_route=%2Fwp%2Fv2%2Fcategories&post=6955"},{"taxonomy":"post_tag","embeddable":true,"href":"https:\/\/www.sportingcanal.com\/index.php?rest_route=%2Fwp%2Fv2%2Ftags&post=6955"}],"curies":[{"name":"wp","href":"https:\/\/api.w.org\/{rel}","templated":true}]}}