{"id":6986,"date":"2025-09-22T09:30:36","date_gmt":"2025-09-22T08:30:36","guid":{"rendered":"http:\/\/www.sportingcanal.com\/?p=6986"},"modified":"2025-09-22T14:47:55","modified_gmt":"2025-09-22T13:47:55","slug":"costinha-um-guarda-redes-com-muitas-qualidades","status":"publish","type":"post","link":"https:\/\/www.sportingcanal.com\/?p=6986","title":{"rendered":"Costinha \u2013 Um guarda-redes com muitas qualidades"},"content":{"rendered":"<p>Paulo Rebelo Costinha Melo Castro nasceu a 22 de Setembro de 1973 em Braga. Nas camadas jovens do Boavista come\u00e7ou a dar nas vistas e tornou-se internacional em todos os escal\u00f5es.<\/p>\n<p>Chegou ao Sporting no Ver\u00e3o de 1993 (juntamente com o seu companheiro de clube e posi\u00e7\u00e3o Lemajic). Vieram ambos com o objetivo de substituir Ivkovic, um guardi\u00e3o que tinha tido um percurso interessante no clube mas que, na opini\u00e3o do presidente Sousa Cintra, tinha acabado o seu ciclo de verde e branco.<\/p>\n<p>Costinha era internacional das camadas jovens e uma grande promessa futura. Bobby Robson deu-lhe imediatamente a titularidade, e estreou-se oficialmente a 21 de Agosto numa rece\u00e7\u00e3o ao Salgueiros (2-1) para a 1\u00aa jornada do Campeonato. Continuou a jogar regularmente at\u00e9 ao \u201cnaufr\u00e1gio\u201d de Salzburgo, onde o Sporting perdeu a eliminat\u00f3ria europeia (com uma exibi\u00e7\u00e3o muito infeliz do seu guarda-redes) e o treinador (Robson foi despedido). Com o novo t\u00e9cnico Carlos Queiroz a aposta recaiu em Lamajic. Ainda assim fez 23 jogos nesse ano, no qual o Sporting esteve muito perto do t\u00edtulo.<\/p>\n<p>Na temporada seguinte conquistou a confian\u00e7a de Carlos Queiroz, e na luta com Lemajic levou claramente a melhor ao fazer 34 jogos e ganhar a Ta\u00e7a de Portugal. 1995\/96 foi um \u00e9poca muito turbulenta para o Sporting mas Costinha manteve-se regularmente na baliza (42 jogos) e contribuiu para o triunfo na Superta\u00e7a frente ao Porto.<\/p>\n<p>No Ver\u00e3o de 1996 chegou o treinador belga Robert Waseige e o seu compatriota De Wilde para a baliza. Costinha perdeu ent\u00e3o \u201cespa\u00e7o de manobra\u201d e participou apenas em 5 jogos, o \u00faltimo dos quais a 15 de Junho de 1997 numa derrota no Bessa por 2-1 na \u00faltima jornada do Campeonato.<\/p>\n<p>Totalizou 4 \u00e9pocas no Sporting, clube pelo qual realizou 104 jogos oficiais e sofreu 76 golos (esta m\u00e9dia faz dele o 6\u00ba guarda-redes da Hist\u00f3ria do clube mais dif\u00edcil de bater). Ganhou uma Ta\u00e7a de Portugal e uma Superta\u00e7a. Ficou na mem\u00f3ria dos sportinguistas como um bom guarda-redes (os n\u00fameros falam por si) mas com uma certa tend\u00eancia a falhar em momentos decisivos (ningu\u00e9m se esquece de Salzburgo&#8230;) Apesar deste \u00faltimo ponto aparentava serenidade entre os postes.<\/p>\n<p>Depois passou pelo FC Porto (foi bicampe\u00e3o quase sem jogar) e Tenerife (onde tamb\u00e9m n\u00e3o foi feliz). Em 2000 regressou a Portugal onde permaneceu v\u00e1rios anos na Uni\u00e3o de Leiria e depois no Belenenses, clubes nos quais voltou a provar toda a sua qualidade.<\/p>\n<p>Acabou por n\u00e3o conseguir qualquer internacionaliza\u00e7\u00e3o A e terminou a carreira em bom plano (2009) no clube da \u201ccruz de Cristo\u201d. No final ficou a sensa\u00e7\u00e3o de que, com a sua qualidade, poderia ter atingido patamares mais elevados, mas ainda assim pode orgulhar-se de ter constru\u00eddo uma carreira muito interessante.<\/p>\n<div class=\"tweetthis\" style=\"text-align:left;\"><p> <a target=\"_blank\" rel=\"nofollow\" class=\"tt\" href=\"http:\/\/twitter.com\/home\/?status=Costinha+%E2%80%93+Um+guarda-redes+com+muitas+qualidades+https%3A%2F%2Fis.gd%2FFHCzws\" title=\"Post to Twitter\"><img decoding=\"async\" class=\"nothumb\" src=\"http:\/\/www.sportingcanal.com\/wp-content\/plugins\/tweet-this\/icons\/en\/twitter\/tt-twitter6.png\" alt=\"Post to Twitter\" \/><\/a><\/p><\/div>","protected":false},"excerpt":{"rendered":"<p>Paulo Rebelo Costinha Melo Castro nasceu a 22 de Setembro de 1973 em Braga. Nas camadas jovens do Boavista come\u00e7ou a dar nas vistas e tornou-se internacional em todos os escal\u00f5es. Chegou ao Sporting no Ver\u00e3o de 1993 (juntamente com o seu companheiro de clube e posi\u00e7\u00e3o Lemajic). Vieram ambos com o objetivo de substituir [&hellip;]<\/p>\n","protected":false},"author":1,"featured_media":38887,"comment_status":"open","ping_status":"open","sticky":false,"template":"","format":"standard","meta":{"_et_pb_use_builder":"","_et_pb_old_content":"","_et_gb_content_width":"","footnotes":""},"categories":[63],"tags":[8,52],"_links":{"self":[{"href":"https:\/\/www.sportingcanal.com\/index.php?rest_route=\/wp\/v2\/posts\/6986"}],"collection":[{"href":"https:\/\/www.sportingcanal.com\/index.php?rest_route=\/wp\/v2\/posts"}],"about":[{"href":"https:\/\/www.sportingcanal.com\/index.php?rest_route=\/wp\/v2\/types\/post"}],"author":[{"embeddable":true,"href":"https:\/\/www.sportingcanal.com\/index.php?rest_route=\/wp\/v2\/users\/1"}],"replies":[{"embeddable":true,"href":"https:\/\/www.sportingcanal.com\/index.php?rest_route=%2Fwp%2Fv2%2Fcomments&post=6986"}],"version-history":[{"count":21,"href":"https:\/\/www.sportingcanal.com\/index.php?rest_route=\/wp\/v2\/posts\/6986\/revisions"}],"predecessor-version":[{"id":38859,"href":"https:\/\/www.sportingcanal.com\/index.php?rest_route=\/wp\/v2\/posts\/6986\/revisions\/38859"}],"wp:featuredmedia":[{"embeddable":true,"href":"https:\/\/www.sportingcanal.com\/index.php?rest_route=\/wp\/v2\/media\/38887"}],"wp:attachment":[{"href":"https:\/\/www.sportingcanal.com\/index.php?rest_route=%2Fwp%2Fv2%2Fmedia&parent=6986"}],"wp:term":[{"taxonomy":"category","embeddable":true,"href":"https:\/\/www.sportingcanal.com\/index.php?rest_route=%2Fwp%2Fv2%2Fcategories&post=6986"},{"taxonomy":"post_tag","embeddable":true,"href":"https:\/\/www.sportingcanal.com\/index.php?rest_route=%2Fwp%2Fv2%2Ftags&post=6986"}],"curies":[{"name":"wp","href":"https:\/\/api.w.org\/{rel}","templated":true}]}}