{"id":7044,"date":"2025-09-23T08:00:16","date_gmt":"2025-09-23T07:00:16","guid":{"rendered":"http:\/\/www.sportingcanal.com\/?p=7044"},"modified":"2025-09-24T11:59:36","modified_gmt":"2025-09-24T10:59:36","slug":"os-primeiros-triunfos-no-automobilismo","status":"publish","type":"post","link":"https:\/\/www.sportingcanal.com\/?p=7044","title":{"rendered":"1923 &#8211; Os primeiros triunfos no Automobilismo"},"content":{"rendered":"<p>23 de Setembro de 1923. O interesse pelo Automobilismo tinha surgido no clube cerca de 1 ano e meio antes &#8211; Abril de 1922, mas este foi o\u00a0dia em que o Sporting obteve a sua 1\u00aa grande vit\u00f3ria na modalidade.<\/p>\n<p>Nesse dia de Setembro de 1923, organizada pela revista \u201cSporting\u201d (n\u00e3o tinha a nada a ver com o nosso clube), realizou-se no Porto uma prova automobil\u00edstica muito concorrida e badalada chamada \u201cO Quil\u00f3metro lan\u00e7ado\u201d. O sportinguista Ab\u00edlio Nunes dos Santos Junior foi o vencedor absoluto da prova. Para al\u00e9m dele, outros \u201cvolantes\u201d leoninos estiveram em destaque. Ant\u00f3nio Couto Junior foi o 2\u00ba classificado, Carlos Eduardo Black foi o vencedor em terceiras categorias e Manuel Palma Vilhena foi 2\u00ba em terceiras categorias.<\/p>\n<p>Com estas brilhantes classifica\u00e7\u00f5es o Sporting marcou mais uma vez, no Porto, o seu prest\u00edgio, agora no Automobilismo.<\/p>\n<p>Foto: Carlos Eduardo Black, um dos automobilistas do Sporting.<\/p>\n<div class=\"tweetthis\" style=\"text-align:left;\"><p> <a target=\"_blank\" rel=\"nofollow\" class=\"tt\" href=\"http:\/\/twitter.com\/home\/?status=1923+%E2%80%93+Os+primeiros+triunfos+no+Automobilismo+https%3A%2F%2Fis.gd%2F08WHik\" title=\"Post to Twitter\"><img decoding=\"async\" class=\"nothumb\" src=\"http:\/\/www.sportingcanal.com\/wp-content\/plugins\/tweet-this\/icons\/en\/twitter\/tt-twitter6.png\" alt=\"Post to Twitter\" \/><\/a><\/p><\/div>","protected":false},"excerpt":{"rendered":"<p>23 de Setembro de 1923. O interesse pelo Automobilismo tinha surgido no clube cerca de 1 ano e meio antes &#8211; Abril de 1922, mas este foi o\u00a0dia em que o Sporting obteve a sua 1\u00aa grande vit\u00f3ria na modalidade. Nesse dia de Setembro de 1923, organizada pela revista \u201cSporting\u201d (n\u00e3o tinha a nada a [&hellip;]<\/p>\n","protected":false},"author":1,"featured_media":38863,"comment_status":"open","ping_status":"open","sticky":false,"template":"","format":"standard","meta":{"_et_pb_use_builder":"","_et_pb_old_content":"","_et_gb_content_width":"","footnotes":""},"categories":[4],"tags":[72],"_links":{"self":[{"href":"https:\/\/www.sportingcanal.com\/index.php?rest_route=\/wp\/v2\/posts\/7044"}],"collection":[{"href":"https:\/\/www.sportingcanal.com\/index.php?rest_route=\/wp\/v2\/posts"}],"about":[{"href":"https:\/\/www.sportingcanal.com\/index.php?rest_route=\/wp\/v2\/types\/post"}],"author":[{"embeddable":true,"href":"https:\/\/www.sportingcanal.com\/index.php?rest_route=\/wp\/v2\/users\/1"}],"replies":[{"embeddable":true,"href":"https:\/\/www.sportingcanal.com\/index.php?rest_route=%2Fwp%2Fv2%2Fcomments&post=7044"}],"version-history":[{"count":21,"href":"https:\/\/www.sportingcanal.com\/index.php?rest_route=\/wp\/v2\/posts\/7044\/revisions"}],"predecessor-version":[{"id":38864,"href":"https:\/\/www.sportingcanal.com\/index.php?rest_route=\/wp\/v2\/posts\/7044\/revisions\/38864"}],"wp:featuredmedia":[{"embeddable":true,"href":"https:\/\/www.sportingcanal.com\/index.php?rest_route=\/wp\/v2\/media\/38863"}],"wp:attachment":[{"href":"https:\/\/www.sportingcanal.com\/index.php?rest_route=%2Fwp%2Fv2%2Fmedia&parent=7044"}],"wp:term":[{"taxonomy":"category","embeddable":true,"href":"https:\/\/www.sportingcanal.com\/index.php?rest_route=%2Fwp%2Fv2%2Fcategories&post=7044"},{"taxonomy":"post_tag","embeddable":true,"href":"https:\/\/www.sportingcanal.com\/index.php?rest_route=%2Fwp%2Fv2%2Ftags&post=7044"}],"curies":[{"name":"wp","href":"https:\/\/api.w.org\/{rel}","templated":true}]}}