{"id":7058,"date":"2025-09-29T08:30:18","date_gmt":"2025-09-29T07:30:18","guid":{"rendered":"http:\/\/www.sportingcanal.com\/?p=7058"},"modified":"2025-09-29T12:50:54","modified_gmt":"2025-09-29T11:50:54","slug":"provavelmente-o-jogo-da-vida-de-oliveira","status":"publish","type":"post","link":"https:\/\/www.sportingcanal.com\/?p=7058","title":{"rendered":"1982 &#8211; Um dos \u201cjogos da vida\u201d de Oliveira"},"content":{"rendered":"<p>29 de Setembro de 1982. Depois de ter perdido em Zagreb por 1-0, o Sporting deu a volta \u00e0 eliminat\u00f3ria dos 1\/16 final da Ta\u00e7a dos Campe\u00f5es Europeus, triunfando por 3-0 no Alvalade numa noite memor\u00e1vel do treinador-jogador <a href=\"http:\/\/www.sportingcanal.com\/?p=5118\">Oliveira<\/a> (que pouco antes suspeitara da morte do pai &#8211; que ningu\u00e9m lhe comunicou expressamente, mas que ainda assim fez quest\u00e3o em alinhar).<\/p>\n<p>O Est\u00e1dio Alvalade esgotou para apoiar os le\u00f5es numa noite muito agrad\u00e1vel de in\u00edcio de Outono. A equipa: <a href=\"http:\/\/www.sportingcanal.com\/?p=3950\">Meszaros<\/a>; <a href=\"http:\/\/www.sportingcanal.com\/?p=2974\">Ademar<\/a>, <a href=\"http:\/\/www.sportingcanal.com\/?p=2712\">Ven\u00e2ncio<\/a>, <a href=\"http:\/\/www.sportingcanal.com\/?p=1649\">Zezinho<\/a> e <a href=\"http:\/\/www.sportingcanal.com\/?p=1599\">Virg\u00edlio<\/a>; Festas; <a href=\"http:\/\/www.sportingcanal.com\/?p=2717\">Lito<\/a> (<a href=\"http:\/\/www.sportingcanal.com\/?p=1586\">Carlos Xavier<\/a>), <a href=\"http:\/\/www.sportingcanal.com\/?p=5118\">Oliveira<\/a> (<a href=\"http:\/\/www.sportingcanal.com\/?p=6148\">Freire<\/a>) e <a href=\"http:\/\/www.sportingcanal.com\/?p=5689\">Nogueira<\/a>; <a href=\"http:\/\/www.sportingcanal.com\/?p=267\">Manuel Fernandes<\/a> e <a href=\"http:\/\/www.sportingcanal.com\/?p=1653\">Jord\u00e3o<\/a>.<\/p>\n<p>O Sporting entrou na partida sem sofreguid\u00e3o, apesar de mostrar desde logo uma disposi\u00e7\u00e3o atacante not\u00f3ria. Exatamente \u00e0 passagem da meia-hora os sportinguistas marcaram o 1\u00ba golo. Ademar subiu bem pelo seu flanco direito e assistiu Oliveira que fintou um, driblou outro, mudou a bola de p\u00e9 e rematou a contar &#8211; tudo em poucos instantes e num espa\u00e7o ex\u00edguo. 6 minutos depois o Sporting passou para a frente da eliminat\u00f3ria. Festas passou rasteiro a Oliveira que furou de forma genial pela defensiva contr\u00e1ria, isolou-se e atirou a contar &#8211; o melhor golo da noite. O intervalo chegou com 2-0 e a eliminat\u00f3ria \u201cna m\u00e3o\u201d dos le\u00f5es.<\/p>\n<p>Para a 2\u00aa parte o figurino do jogo n\u00e3o se alterou apesar dos jugoslavos tentarem responder \u00e0 noite inspirada do Sporting. Surpreendente, pela beleza e raridade do lance, foi o 3-0 aos 65 minutos. Sobre o flanco direito, perto do v\u00e9rtice da \u00e1rea contr\u00e1ria, Oliveira simulou um remate ao poste mais distante, Jugovic ficou iludido, e o talentoso sportinguista rematou de forma arqueada e suave ao poste mais pr\u00f3ximo, fazendo mais um gol\u00e3o (ficou a d\u00favida se o lance foi intencional ou n\u00e3o). At\u00e9 ao final o Sporting geriu bem o resultado e a eliminat\u00f3ria que acabaria por ser brilhantemente conquistada.<\/p>\n<p><a href=\"http:\/\/www.sportingcanal.com\/?p=2685\">Jo\u00e3o Rocha<\/a> (o presidente) estava muito feliz com esta presta\u00e7\u00e3o da equipa e tamb\u00e9m satisfeito pela manifesta\u00e7\u00e3o dos seus adeptos que festejaram o golo do Benfica em Sevilha frente ao B\u00e9tis, que fez os encarnados passarem tamb\u00e9m a eliminat\u00f3ria europeia. Referiu: \u201cO Sporting provou esta noite que possui uma excelente equipa, jogando muito bem e afastando um advers\u00e1rio com a categoria deste. O Oliveira marcou 3 golos de magn\u00edfica execu\u00e7\u00e3o. Quando o Manuel Fernandes e o Jord\u00e3o estiverem a 100% este trio vai dar que falar no Campeonato Nacional e na Europa\u201d. No que diz respeito \u00e0 comemora\u00e7\u00e3o dos adeptos pelo golo benfiquista: \u201cA manifesta\u00e7\u00e3o dos sportinguistas em rela\u00e7\u00e3o ao golo do Benfica vem demonstrar que a rivalidade entre os clubes no que concerne \u00e0s competi\u00e7\u00f5es internacionais nada tem a ver com o sentimento patri\u00f3tico, que \u00e9 apan\u00e1gio dos portugueses. Tem sido minha preocupa\u00e7\u00e3o ao longo destes anos que levo na presid\u00eancia do Sporting promover a boa harmonia e rivalidade s\u00e3 e n\u00e3o o \u00f3dio, que n\u00e3o nos conduz a nada. Parab\u00e9ns \u00e0 massa associativa do Sporting pelo que fez hoje em rela\u00e7\u00e3o ao seu rival Benfica. O desporto deve ser entendido assim\u201d.<\/p>\n<p>Acrescente-se que esse foi o 89\u00ba jogo e 37\u00aa vit\u00f3ria do Sporting nas Competi\u00e7\u00f5es Europeias de Futebol.<\/p>\n<p><a href=\"http:\/\/www.youtube.com\/watch?v=I_xk7ztyYbk\">video<\/a><\/p>\n<div class=\"tweetthis\" style=\"text-align:left;\"><p> <a target=\"_blank\" rel=\"nofollow\" class=\"tt\" href=\"http:\/\/twitter.com\/home\/?status=1982+%E2%80%93+Um+dos+%E2%80%9Cjogos+da+vida%E2%80%9D+de+Oliveira+https%3A%2F%2Fis.gd%2FwdXejo\" title=\"Post to Twitter\"><img decoding=\"async\" class=\"nothumb\" src=\"http:\/\/www.sportingcanal.com\/wp-content\/plugins\/tweet-this\/icons\/en\/twitter\/tt-twitter6.png\" alt=\"Post to Twitter\" \/><\/a><\/p><\/div>","protected":false},"excerpt":{"rendered":"<p>29 de Setembro de 1982. Depois de ter perdido em Zagreb por 1-0, o Sporting deu a volta \u00e0 eliminat\u00f3ria dos 1\/16 final da Ta\u00e7a dos Campe\u00f5es Europeus, triunfando por 3-0 no Alvalade numa noite memor\u00e1vel do treinador-jogador Oliveira (que pouco antes suspeitara da morte do pai &#8211; que ningu\u00e9m lhe comunicou expressamente, mas que [&hellip;]<\/p>\n","protected":false},"author":1,"featured_media":38910,"comment_status":"open","ping_status":"open","sticky":false,"template":"","format":"standard","meta":{"_et_pb_use_builder":"","_et_pb_old_content":"","_et_gb_content_width":"","footnotes":""},"categories":[4],"tags":[36,8,49],"_links":{"self":[{"href":"https:\/\/www.sportingcanal.com\/index.php?rest_route=\/wp\/v2\/posts\/7058"}],"collection":[{"href":"https:\/\/www.sportingcanal.com\/index.php?rest_route=\/wp\/v2\/posts"}],"about":[{"href":"https:\/\/www.sportingcanal.com\/index.php?rest_route=\/wp\/v2\/types\/post"}],"author":[{"embeddable":true,"href":"https:\/\/www.sportingcanal.com\/index.php?rest_route=\/wp\/v2\/users\/1"}],"replies":[{"embeddable":true,"href":"https:\/\/www.sportingcanal.com\/index.php?rest_route=%2Fwp%2Fv2%2Fcomments&post=7058"}],"version-history":[{"count":27,"href":"https:\/\/www.sportingcanal.com\/index.php?rest_route=\/wp\/v2\/posts\/7058\/revisions"}],"predecessor-version":[{"id":38911,"href":"https:\/\/www.sportingcanal.com\/index.php?rest_route=\/wp\/v2\/posts\/7058\/revisions\/38911"}],"wp:featuredmedia":[{"embeddable":true,"href":"https:\/\/www.sportingcanal.com\/index.php?rest_route=\/wp\/v2\/media\/38910"}],"wp:attachment":[{"href":"https:\/\/www.sportingcanal.com\/index.php?rest_route=%2Fwp%2Fv2%2Fmedia&parent=7058"}],"wp:term":[{"taxonomy":"category","embeddable":true,"href":"https:\/\/www.sportingcanal.com\/index.php?rest_route=%2Fwp%2Fv2%2Fcategories&post=7058"},{"taxonomy":"post_tag","embeddable":true,"href":"https:\/\/www.sportingcanal.com\/index.php?rest_route=%2Fwp%2Fv2%2Ftags&post=7058"}],"curies":[{"name":"wp","href":"https:\/\/api.w.org\/{rel}","templated":true}]}}