{"id":7077,"date":"2025-09-26T08:00:23","date_gmt":"2025-09-26T07:00:23","guid":{"rendered":"http:\/\/www.sportingcanal.com\/?p=7077"},"modified":"2025-09-27T15:23:17","modified_gmt":"2025-09-27T14:23:17","slug":"fernando-nunes-criativo-e-imprevisivel","status":"publish","type":"post","link":"https:\/\/www.sportingcanal.com\/?p=7077","title":{"rendered":"Fernando Nunes"},"content":{"rendered":"<p>Fernando Miguel de Oliveira Nunes nasceu a 26 de Setembro de 1974. Come\u00e7ou a jogar Andebol no Seixal com apenas 11 anos, influenciado por um primo que j\u00e1 estava na modalidade. Logo come\u00e7ou a destacar-se, mostrando muito talento, e com 17 anos transferiu-se para o Vit\u00f3ria de Set\u00fabal (por influ\u00eancia de Manuel Manita, que diz dele ser \u201cum homem muito sensato, amigo dos seus amigos e da fam\u00edlia, humilde, com sentido de responsabilidade e grande car\u00e1ter&#8221;). Internacional portugu\u00eas nas camadas de forma\u00e7\u00e3o, foi Campe\u00e3o Europeu de cadetes e 3\u00ba no Mundial de Juniores.<\/p>\n<p>Chegou a trabalhar num escrit\u00f3rio e oficina de autom\u00f3veis, mas depois dedicou-se totalmente ao Andebol pelo qual nutre verdadeira paix\u00e3o. Estreou-se nos seniores pelo Vit\u00f3ria e rumou depois ao Gin\u00e1sio do Sul. No in\u00edcio da temporada 2000\/01 chegou ao Sporting e logo na \u00e9poca de estreia Fan\u00e3 (como \u00e9 conhecido no meio andebol\u00edstico) ganhou o <a href=\"http:\/\/www.sportingcanal.com\/?p=4751\">Campeonato Nacional<\/a> e a <a href=\"http:\/\/www.sportingcanal.com\/?p=5414\">Ta\u00e7a de Portugal<\/a>. Ponta-direita de excelentes recursos, ganhou a <a href=\"http:\/\/www.sportingcanal.com\/?p=5359\">Superta\u00e7a<\/a> em 2001\/02 e as Ta\u00e7as de Portugal de <a href=\"http:\/\/www.sportingcanal.com\/?p=2210\">2002\/03<\/a> e <a href=\"http:\/\/www.sportingcanal.com\/?p=5376\">2003\/04<\/a>. No ano seguinte regressou ao Gin\u00e1sio do Sul e nas duas \u00e9pocas que se seguiram foi para a Espanha, onde representou o Arrate.<\/p>\n<p>Voltou ao Sporting em 2007 numa fase em que o Andebol verde e branco n\u00e3o vivia um grande per\u00edodo. Anos mais tarde &#8211; em 2010, foi um dos protagonistas na conquista da <a href=\"http:\/\/www.sportingcanal.com\/?p=326\">Ta\u00e7a Challenge<\/a> &#8211; a 1\u00aa Competi\u00e7\u00e3o Europeia ganha por um clube portugu\u00eas de Andebol.<\/p>\n<p>A 27 de Junho de 2010, numa final da Ta\u00e7a de Portugal surpreendentemente perdida frente ao Xico Andebol, terminou uma bel\u00edssima carreira de jogador no qual se destacou por ser criativo e imprevis\u00edvel, evolu\u00eddo t\u00e9cnica e taticamente. Foi 70 vezes internacional. A 18 de Dezembro do mesmo ano foi homenageado com a realiza\u00e7\u00e3o dum jogo conv\u00edvio precedido de jantar no pavilh\u00e3o do Seixal FC (clube onde se iniciou), que teve o apoio da Junta de Freguesia local.<\/p>\n<p>Entretanto iniciou outra \u201caventura\u201d, a de diretor desportivo do Andebol leonino, miss\u00e3o dif\u00edcil que tinha como objetivo ajudar os le\u00f5es a voltarem a ser os principais protagonistas da modalidade em Portugal. Ficou no cargo at\u00e9 ao final da \u00e9poca 2012\/13, tendo-se destacado a conquista de 2 Ta\u00e7as de Portugal.<\/p>\n<div class=\"tweetthis\" style=\"text-align:left;\"><p> <a target=\"_blank\" rel=\"nofollow\" class=\"tt\" href=\"http:\/\/twitter.com\/home\/?status=Fernando+Nunes+https%3A%2F%2Fis.gd%2FkhDAqI\" title=\"Post to Twitter\"><img decoding=\"async\" class=\"nothumb\" src=\"http:\/\/www.sportingcanal.com\/wp-content\/plugins\/tweet-this\/icons\/en\/twitter\/tt-twitter6.png\" alt=\"Post to Twitter\" \/><\/a><\/p><\/div>","protected":false},"excerpt":{"rendered":"<p>Fernando Miguel de Oliveira Nunes nasceu a 26 de Setembro de 1974. Come\u00e7ou a jogar Andebol no Seixal com apenas 11 anos, influenciado por um primo que j\u00e1 estava na modalidade. Logo come\u00e7ou a destacar-se, mostrando muito talento, e com 17 anos transferiu-se para o Vit\u00f3ria de Set\u00fabal (por influ\u00eancia de Manuel Manita, que diz [&hellip;]<\/p>\n","protected":false},"author":1,"featured_media":38891,"comment_status":"open","ping_status":"open","sticky":false,"template":"","format":"standard","meta":{"_et_pb_use_builder":"","_et_pb_old_content":"","_et_gb_content_width":"","footnotes":""},"categories":[13],"tags":[19],"_links":{"self":[{"href":"https:\/\/www.sportingcanal.com\/index.php?rest_route=\/wp\/v2\/posts\/7077"}],"collection":[{"href":"https:\/\/www.sportingcanal.com\/index.php?rest_route=\/wp\/v2\/posts"}],"about":[{"href":"https:\/\/www.sportingcanal.com\/index.php?rest_route=\/wp\/v2\/types\/post"}],"author":[{"embeddable":true,"href":"https:\/\/www.sportingcanal.com\/index.php?rest_route=\/wp\/v2\/users\/1"}],"replies":[{"embeddable":true,"href":"https:\/\/www.sportingcanal.com\/index.php?rest_route=%2Fwp%2Fv2%2Fcomments&post=7077"}],"version-history":[{"count":29,"href":"https:\/\/www.sportingcanal.com\/index.php?rest_route=\/wp\/v2\/posts\/7077\/revisions"}],"predecessor-version":[{"id":38892,"href":"https:\/\/www.sportingcanal.com\/index.php?rest_route=\/wp\/v2\/posts\/7077\/revisions\/38892"}],"wp:featuredmedia":[{"embeddable":true,"href":"https:\/\/www.sportingcanal.com\/index.php?rest_route=\/wp\/v2\/media\/38891"}],"wp:attachment":[{"href":"https:\/\/www.sportingcanal.com\/index.php?rest_route=%2Fwp%2Fv2%2Fmedia&parent=7077"}],"wp:term":[{"taxonomy":"category","embeddable":true,"href":"https:\/\/www.sportingcanal.com\/index.php?rest_route=%2Fwp%2Fv2%2Fcategories&post=7077"},{"taxonomy":"post_tag","embeddable":true,"href":"https:\/\/www.sportingcanal.com\/index.php?rest_route=%2Fwp%2Fv2%2Ftags&post=7077"}],"curies":[{"name":"wp","href":"https:\/\/api.w.org\/{rel}","templated":true}]}}