{"id":7086,"date":"2025-09-28T13:06:41","date_gmt":"2025-09-28T12:06:41","guid":{"rendered":"http:\/\/www.sportingcanal.com\/?p=7086"},"modified":"2025-09-29T12:47:06","modified_gmt":"2025-09-29T11:47:06","slug":"o-dia-mais-brilhante-ate-entao-do-atletismo-leonino","status":"publish","type":"post","link":"https:\/\/www.sportingcanal.com\/?p=7086","title":{"rendered":"1930 &#8211; O dia mais brilhante (at\u00e9 ent\u00e3o) do Atletismo leonino"},"content":{"rendered":"<p>28 de Setembro de 1930. Nesse dia a sec\u00e7\u00e3o de Atletismo do Sporting ter\u00e1 vivido a mais brilhante tarde do seu j\u00e1, at\u00e9 ent\u00e3o, magn\u00edfico historial. Aconteceu nos Campeonatos Nacionais, no Porto.<\/p>\n<p>Dispondo apenas de 14 atletas (por contrariedades v\u00e1rias) os le\u00f5es triunfaram em 11 provas dum certame que decorreu com alguns incidentes devido a incorre\u00e7\u00f5es v\u00e1rias do p\u00fablico nortenho para com os sportinguistas (ao contr\u00e1rio dos pr\u00f3prios atletas e dirigentes portuenses e das delega\u00e7\u00f5es dos outros clubes de Lisboa e Coimbra).<\/p>\n<p>Em destaque estiveram M\u00e1rio Porto (que venceu os 100 e 200 metros, igualando o recorde do clube na 1\u00aa e batendo-o na 2\u00aa), <a href=\"http:\/\/www.sportingcanal.com\/?p=3176\">Manuel Dias<\/a> (bateu o recorde nacional dos 5.000 metros, com 15m25,8s), Jos\u00e9 Palhares Costa (igualou o recorde nacional dos 110 metros barreiras, com 16,2s) e <a href=\"http:\/\/www.sportingcanal.com\/?p=570\">Jos\u00e9 Garnel<\/a> (que al\u00e9m de vencer dardo, disco e peso, bateu o recorde nacional do lan\u00e7amento do peso, com 13m). Os campe\u00f5es:<\/p>\n<p>100m \u2013 M\u00e1rio Porto \u2013 11s (igualou recorde do clube)<\/p>\n<p>110m barreiras \u2013 Palhares Costa \u2013 16,2s (igualou recorde nacional)<\/p>\n<p>200m \u2013 M\u00e1rio Porto \u2013 23,4s (bateu recorde do clube)<\/p>\n<p>1.500m \u2013 Joaquim Alvarez \u2013 4m23,8s<\/p>\n<p>5.000m \u2013 Manuel Dias \u2013 15m25,8s (recorde nacional \u2013 bateu tamb\u00e9m os recordes dos 2.000, 3.000 e 4.000m).<\/p>\n<p>10.000m \u2013 Ant\u00f3nio Almeida \u2013 33m54,8s<\/p>\n<p>Comprimento \u2013 M\u00e1rio Martins Correia \u2013 5m91cm<\/p>\n<p>Dardo \u2013 Jos\u00e9 Garnel \u2013 46m05cm<\/p>\n<p>Disco \u2013 Jos\u00e9 Garnel \u2013 37m75cm<\/p>\n<p>Peso \u2013 Jos\u00e9 Garnel \u2013 13m (recorde nacional)<\/p>\n<p>Triplo Salto \u2013 Fernando Marrecas \u2013 12m87cm<\/p>\n<p>Para al\u00e9m deste dia, que foi o ponto alto da temporada leonina, foi impressionante o conjunto de resultados da equipa de Atletismo do Sporting nessa \u00e9poca de 1930.<\/p>\n<p>Tudo come\u00e7ou nas provas de Crosse. Assim, Manuel Dias levou a melhor nos Crosses de Abertura, do Carcavelinhos e do Campeonato Regional (onde os le\u00f5es tamb\u00e9m triunfaram coletivamente). A 27 de Abril sagrou-se Campe\u00e3o Nacional.<\/p>\n<p>Logo no 1\u00ba dia de Junho os le\u00f5es triunfaram pela 3\u00aa vez consecutiva na Ta\u00e7a Salazar Carreira, o que assegurou ao clube a posse definitiva do trof\u00e9u em disputa &#8211; para a Hist\u00f3ria ficou o \u00faltimo triunfo de <a href=\"http:\/\/www.sportingcanal.com\/?p=10998\">Francisco Serra e Moura<\/a> (no salto em comprimento, com 6m29cm). Ainda em Junho, o Sporting dominou no concurso de Atletismo organizado pelo jornal \u201cOs Sports\u201d &#8211; onde Jos\u00e9 Palhares Costa bateu o recorde nacional dos 200 metros barreiras (29,8s) e Joaquim Alvarez o dos 1.000 metros (2m45s). A maior demostra\u00e7\u00e3o de superioridade dos le\u00f5es neste encontro foi a estafeta de 10X200m &#8211; correndo com Jos\u00e9 Palhares Costa, Vasco Cayola, Martins Correia, Jos\u00e9 Maria Santos, M\u00e1rio Porto, Afonso Salcedo, Fernando Marrecas, Manuel Henriques, Jos\u00e9 Carvalho Amaro e Joaquim Alvarez (todas as suas estrelas da velocidade), o Sporting triunfou claramente numa prova sem hist\u00f3ria.<\/p>\n<p>J\u00e1 em Julho decorreram os 8\u00bas Regionais de Atletismo. O Sporting dominou completamente a prova. Foi tal a superioridade, que os verdes obtiveram 67 pontos contra 54 de todos os outros clubes juntos (CIF, Belenenses, Benfica e Probidade). Manuel Dias (venceu os 1.500, 5.000, 4X800 e 4X1.500 metros \u2013 recorde nacional com 18m42s) e Jos\u00e9 Garnel (triunfou nos lan\u00e7amentos de dardo, disco e peso) foram, novamente, os grandes destaques duma equipa que obteve 12 triunfos na competi\u00e7\u00e3o.<\/p>\n<p>Em Agosto, Manuel Dias foi Campe\u00e3o Nacional de L\u00e9gua &#8211; uma competi\u00e7\u00e3o organizada pelo jornal \u201cO Sport de Lisboa\u201d e que depois de eliminat\u00f3rias regionais teve a sua final a nivel nacional. No \u201cPorto-Lisboa\u201d, no \u201cConcurso do Belenenses\u201d e no 1\u00ba \u201cCoimbra-Lisboa\u201d os le\u00f5es voltaram a ser os grandes dominadores.<\/p>\n<p>Foto: M\u00e1rio Porto concluindo a sua brilhante prova de 100 metros nos Campeonatos Nacionais realizados no Porto.<\/p>\n<div class=\"tweetthis\" style=\"text-align:left;\"><p> <a target=\"_blank\" rel=\"nofollow\" class=\"tt\" href=\"http:\/\/twitter.com\/home\/?status=1930+%E2%80%93+O+dia+mais+brilhante+%28at%C3%A9+ent%C3%A3o%29+do+Atletismo+leonino+https%3A%2F%2Fis.gd%2FuWqev4\" title=\"Post to Twitter\"><img decoding=\"async\" class=\"nothumb\" src=\"http:\/\/www.sportingcanal.com\/wp-content\/plugins\/tweet-this\/icons\/en\/twitter\/tt-twitter6.png\" alt=\"Post to Twitter\" \/><\/a><\/p><\/div>","protected":false},"excerpt":{"rendered":"<p>28 de Setembro de 1930. Nesse dia a sec\u00e7\u00e3o de Atletismo do Sporting ter\u00e1 vivido a mais brilhante tarde do seu j\u00e1, at\u00e9 ent\u00e3o, magn\u00edfico historial. Aconteceu nos Campeonatos Nacionais, no Porto. Dispondo apenas de 14 atletas (por contrariedades v\u00e1rias) os le\u00f5es triunfaram em 11 provas dum certame que decorreu com alguns incidentes devido a [&hellip;]<\/p>\n","protected":false},"author":1,"featured_media":38936,"comment_status":"open","ping_status":"open","sticky":false,"template":"","format":"standard","meta":{"_et_pb_use_builder":"","_et_pb_old_content":"","_et_gb_content_width":"","footnotes":""},"categories":[4],"tags":[21],"_links":{"self":[{"href":"https:\/\/www.sportingcanal.com\/index.php?rest_route=\/wp\/v2\/posts\/7086"}],"collection":[{"href":"https:\/\/www.sportingcanal.com\/index.php?rest_route=\/wp\/v2\/posts"}],"about":[{"href":"https:\/\/www.sportingcanal.com\/index.php?rest_route=\/wp\/v2\/types\/post"}],"author":[{"embeddable":true,"href":"https:\/\/www.sportingcanal.com\/index.php?rest_route=\/wp\/v2\/users\/1"}],"replies":[{"embeddable":true,"href":"https:\/\/www.sportingcanal.com\/index.php?rest_route=%2Fwp%2Fv2%2Fcomments&post=7086"}],"version-history":[{"count":23,"href":"https:\/\/www.sportingcanal.com\/index.php?rest_route=\/wp\/v2\/posts\/7086\/revisions"}],"predecessor-version":[{"id":38937,"href":"https:\/\/www.sportingcanal.com\/index.php?rest_route=\/wp\/v2\/posts\/7086\/revisions\/38937"}],"wp:featuredmedia":[{"embeddable":true,"href":"https:\/\/www.sportingcanal.com\/index.php?rest_route=\/wp\/v2\/media\/38936"}],"wp:attachment":[{"href":"https:\/\/www.sportingcanal.com\/index.php?rest_route=%2Fwp%2Fv2%2Fmedia&parent=7086"}],"wp:term":[{"taxonomy":"category","embeddable":true,"href":"https:\/\/www.sportingcanal.com\/index.php?rest_route=%2Fwp%2Fv2%2Fcategories&post=7086"},{"taxonomy":"post_tag","embeddable":true,"href":"https:\/\/www.sportingcanal.com\/index.php?rest_route=%2Fwp%2Fv2%2Ftags&post=7086"}],"curies":[{"name":"wp","href":"https:\/\/api.w.org\/{rel}","templated":true}]}}