{"id":7125,"date":"2025-09-29T09:00:55","date_gmt":"2025-09-29T08:00:55","guid":{"rendered":"http:\/\/www.sportingcanal.com\/?p=7125"},"modified":"2025-09-29T12:51:00","modified_gmt":"2025-09-29T11:51:00","slug":"2001-1%c2%aa-supertaca-para-o-futsal","status":"publish","type":"post","link":"https:\/\/www.sportingcanal.com\/?p=7125","title":{"rendered":"2001 \u2013 1\u00aa Superta\u00e7a para o Futsal"},"content":{"rendered":"<p>29 de Setembro de 2001. Depois de se ter sagrado <a href=\"http:\/\/www.sportingcanal.com\/?p=4995\">Campe\u00e3o Nacional pela 5\u00aa vez na \u00e9poca anterior<\/a>, o Futsal do Sporting estreou-se nos triunfos na Superta\u00e7a ao bater na Nave de Alvalade a Funda\u00e7\u00e3o Jorge Antunes por 2-1. A prova decidiu-se em duas m\u00e3os. Uma semana antes os le\u00f5es tinham vencido em Vizela por apertados 4-3.<\/p>\n<p>O treinador leonino era o brasileiro Beto Aranha (substituira <a href=\"http:\/\/www.sportingcanal.com\/?p=3842\">Orlando Duarte<\/a>, que decidiu dedicar-se em exclusivo \u00e0 Sele\u00e7\u00e3o Nacional). Na equipa verde e branca brilhavam homens como <a href=\"http:\/\/www.sportingcanal.com\/?p=449\">Jo\u00e3o Benedito<\/a>, <a href=\"http:\/\/www.sportingcanal.com\/?p=931\">Z\u00e9zito<\/a>, Bibi, Gon\u00e7alo Alves, Jo\u00e3o Mar\u00e7al ou Eduardo Miguel Fernandes.<\/p>\n<p>Foto: O capit\u00e3o, Eduardo Miguel Fernandes, recebendo o trof\u00e9u.<\/p>\n<div class=\"tweetthis\" style=\"text-align:left;\"><p> <a target=\"_blank\" rel=\"nofollow\" class=\"tt\" href=\"http:\/\/twitter.com\/home\/?status=2001+%E2%80%93+1%C2%AA+Superta%C3%A7a+para+o+Futsal+https%3A%2F%2Fis.gd%2FfSCjbD\" title=\"Post to Twitter\"><img decoding=\"async\" class=\"nothumb\" src=\"http:\/\/www.sportingcanal.com\/wp-content\/plugins\/tweet-this\/icons\/en\/twitter\/tt-twitter6.png\" alt=\"Post to Twitter\" \/><\/a><\/p><\/div>","protected":false},"excerpt":{"rendered":"<p>29 de Setembro de 2001. Depois de se ter sagrado Campe\u00e3o Nacional pela 5\u00aa vez na \u00e9poca anterior, o Futsal do Sporting estreou-se nos triunfos na Superta\u00e7a ao bater na Nave de Alvalade a Funda\u00e7\u00e3o Jorge Antunes por 2-1. A prova decidiu-se em duas m\u00e3os. Uma semana antes os le\u00f5es tinham vencido em Vizela por [&hellip;]<\/p>\n","protected":false},"author":1,"featured_media":38912,"comment_status":"open","ping_status":"open","sticky":false,"template":"","format":"standard","meta":{"_et_pb_use_builder":"","_et_pb_old_content":"","_et_gb_content_width":"","footnotes":""},"categories":[17],"tags":[16,18],"_links":{"self":[{"href":"https:\/\/www.sportingcanal.com\/index.php?rest_route=\/wp\/v2\/posts\/7125"}],"collection":[{"href":"https:\/\/www.sportingcanal.com\/index.php?rest_route=\/wp\/v2\/posts"}],"about":[{"href":"https:\/\/www.sportingcanal.com\/index.php?rest_route=\/wp\/v2\/types\/post"}],"author":[{"embeddable":true,"href":"https:\/\/www.sportingcanal.com\/index.php?rest_route=\/wp\/v2\/users\/1"}],"replies":[{"embeddable":true,"href":"https:\/\/www.sportingcanal.com\/index.php?rest_route=%2Fwp%2Fv2%2Fcomments&post=7125"}],"version-history":[{"count":22,"href":"https:\/\/www.sportingcanal.com\/index.php?rest_route=\/wp\/v2\/posts\/7125\/revisions"}],"predecessor-version":[{"id":38913,"href":"https:\/\/www.sportingcanal.com\/index.php?rest_route=\/wp\/v2\/posts\/7125\/revisions\/38913"}],"wp:featuredmedia":[{"embeddable":true,"href":"https:\/\/www.sportingcanal.com\/index.php?rest_route=\/wp\/v2\/media\/38912"}],"wp:attachment":[{"href":"https:\/\/www.sportingcanal.com\/index.php?rest_route=%2Fwp%2Fv2%2Fmedia&parent=7125"}],"wp:term":[{"taxonomy":"category","embeddable":true,"href":"https:\/\/www.sportingcanal.com\/index.php?rest_route=%2Fwp%2Fv2%2Fcategories&post=7125"},{"taxonomy":"post_tag","embeddable":true,"href":"https:\/\/www.sportingcanal.com\/index.php?rest_route=%2Fwp%2Fv2%2Ftags&post=7125"}],"curies":[{"name":"wp","href":"https:\/\/api.w.org\/{rel}","templated":true}]}}