{"id":7188,"date":"2025-10-02T08:30:43","date_gmt":"2025-10-02T07:30:43","guid":{"rendered":"http:\/\/www.sportingcanal.com\/?p=7188"},"modified":"2025-10-04T20:22:38","modified_gmt":"2025-10-04T19:22:38","slug":"2%c2%aa-vitoria-na-taca-preparacao-com-3-0-na-casa-do-benfica","status":"publish","type":"post","link":"https:\/\/www.sportingcanal.com\/?p=7188","title":{"rendered":"1932 &#8211; 2\u00aa vit\u00f3ria na Ta\u00e7a Prepara\u00e7\u00e3o com 3-0 na \u201ccasa\u201d do Benfica"},"content":{"rendered":"<p>2 de Outubro de 1932. Nesse dia o Sporting conquistou pela 2\u00aa vez a Ta\u00e7a Prepara\u00e7\u00e3o da Associa\u00e7\u00e3o de Futebol de Lisboa, uma prova disputada em in\u00edcio de \u00e9poca antes do Campeonato Regional de Lisboa e que servia para aquilatar das reais possibilidades das equipas para a nova temporada.<\/p>\n<p>Depois de nas meias-finais terem afastado Barreirense (por 3-1 com golos de Abelhinha, Mour\u00e3o e Faustino) e Belenenses, o Sporting e o Benfica disputaram nas Amoreiras (terreno benfiquista) a final. Orientados por Rudolf Jeny, os le\u00f5es alinharam com: Dyson; Jurado e Joaquim Serrano; Forno, Rui de Ara\u00fajo e Faustino; Eduardo Mourinha (Abrantes Mendes), Abelhinha, Gralho, Fonseca (Lu\u00eds Gomes) e Valadas.<\/p>\n<p>A maioria dos observadores n\u00e3o estava \u00e0 espera daquilo que se passou, muito mais depois de o Benfica ter batido o Belenenses por 6-5, numa partida intens\u00edssima. O Sporting criou a 1\u00aa jogada de perigo da partida com um livre fort\u00edssimo de Faustino, defendido a custo por Concei\u00e7\u00e3o. Por volta dos 10 minutos Valadas atirou muito por cima, desperdi\u00e7ando uma \u00f3tima chance de golo. Apesar dos le\u00f5es beneficiarem do vento a partida foi-se mantendo equilibrada.<\/p>\n<p>\u00c0 meia-hora surgiu finalmente o 1\u00ba golo. Uma tabelinha entre Valadas e Fonseca resultou num belo disparo daquele, sem hip\u00f3tese de defesa. Apesar da rea\u00e7\u00e3o benfiquista foi o Sporting a estar muito perto de aumentar a contagem antes do descanso numa bela jogada entre Abelhinha e Mourinha, a que o jovem Valadas n\u00e3o chegou por pouco.<\/p>\n<p>Logo no in\u00edcio da 2\u00aa parte Abrantes Mendes teve um \u00f3timo lance pela direita centrando bem para a entrada de rompante de Valadas que fez o 2-0. O Sporting animou e passou a ser a \u201c\u00fanica equipa em campo\u201d, onde se destacavam os cruzamentos \u201cvenenosos\u201d de Abrantes Mendes e Valadas.<\/p>\n<p>O benfiquista Xavier ia-se salientando pelo jogo violento, e \u00e0 meia-hora, a novo centro de Abrantes Mendes, foi Gralho a concluir fazendo o 3-0 definitivo.<\/p>\n<p>At\u00e9 final, com o jogo j\u00e1 decidido, a partida foi mon\u00f3tona. O Sporting exibiu um jogo coletivo muito prometedor com um trio defensivo muito r\u00e1pido e eficaz. Rui de Ara\u00fajo, extremamente ativo e com bom jogo de cabe\u00e7a foi o \u201cc\u00e9rebro\u201d da equipa e Valadas o melhor avan\u00e7ado. Pela amostra nada fazia prever que os le\u00f5es nada mais ganhassem nessa \u00e9poca&#8230;<\/p>\n<p>Foto (arquivo): Rui de Ara\u00fajo, o melhor homem do Sporting neste triunfo claro sobre o rival encarnado.<\/p>\n<div class=\"tweetthis\" style=\"text-align:left;\"><p> <a target=\"_blank\" rel=\"nofollow\" class=\"tt\" href=\"http:\/\/twitter.com\/home\/?status=1932+%E2%80%93+2%C2%AA+vit%C3%B3ria+na+Ta%C3%A7a+Prepara%C3%A7%C3%A3o+com+3-0+na+%E2%80%9Ccasa%E2%80%9D+do+Benfica+https%3A%2F%2Fis.gd%2FF0As9x\" title=\"Post to Twitter\"><img decoding=\"async\" class=\"nothumb\" src=\"http:\/\/www.sportingcanal.com\/wp-content\/plugins\/tweet-this\/icons\/en\/twitter\/tt-twitter6.png\" alt=\"Post to Twitter\" \/><\/a><\/p><\/div>","protected":false},"excerpt":{"rendered":"<p>2 de Outubro de 1932. Nesse dia o Sporting conquistou pela 2\u00aa vez a Ta\u00e7a Prepara\u00e7\u00e3o da Associa\u00e7\u00e3o de Futebol de Lisboa, uma prova disputada em in\u00edcio de \u00e9poca antes do Campeonato Regional de Lisboa e que servia para aquilatar das reais possibilidades das equipas para a nova temporada. Depois de nas meias-finais terem afastado [&hellip;]<\/p>\n","protected":false},"author":1,"featured_media":38961,"comment_status":"open","ping_status":"open","sticky":false,"template":"","format":"standard","meta":{"_et_pb_use_builder":"","_et_pb_old_content":"","_et_gb_content_width":"","footnotes":""},"categories":[4],"tags":[8,69],"_links":{"self":[{"href":"https:\/\/www.sportingcanal.com\/index.php?rest_route=\/wp\/v2\/posts\/7188"}],"collection":[{"href":"https:\/\/www.sportingcanal.com\/index.php?rest_route=\/wp\/v2\/posts"}],"about":[{"href":"https:\/\/www.sportingcanal.com\/index.php?rest_route=\/wp\/v2\/types\/post"}],"author":[{"embeddable":true,"href":"https:\/\/www.sportingcanal.com\/index.php?rest_route=\/wp\/v2\/users\/1"}],"replies":[{"embeddable":true,"href":"https:\/\/www.sportingcanal.com\/index.php?rest_route=%2Fwp%2Fv2%2Fcomments&post=7188"}],"version-history":[{"count":21,"href":"https:\/\/www.sportingcanal.com\/index.php?rest_route=\/wp\/v2\/posts\/7188\/revisions"}],"predecessor-version":[{"id":38962,"href":"https:\/\/www.sportingcanal.com\/index.php?rest_route=\/wp\/v2\/posts\/7188\/revisions\/38962"}],"wp:featuredmedia":[{"embeddable":true,"href":"https:\/\/www.sportingcanal.com\/index.php?rest_route=\/wp\/v2\/media\/38961"}],"wp:attachment":[{"href":"https:\/\/www.sportingcanal.com\/index.php?rest_route=%2Fwp%2Fv2%2Fmedia&parent=7188"}],"wp:term":[{"taxonomy":"category","embeddable":true,"href":"https:\/\/www.sportingcanal.com\/index.php?rest_route=%2Fwp%2Fv2%2Fcategories&post=7188"},{"taxonomy":"post_tag","embeddable":true,"href":"https:\/\/www.sportingcanal.com\/index.php?rest_route=%2Fwp%2Fv2%2Ftags&post=7188"}],"curies":[{"name":"wp","href":"https:\/\/api.w.org\/{rel}","templated":true}]}}