{"id":7215,"date":"2025-10-04T09:00:58","date_gmt":"2025-10-04T08:00:58","guid":{"rendered":"http:\/\/www.sportingcanal.com\/?p=7215"},"modified":"2025-10-04T20:25:39","modified_gmt":"2025-10-04T19:25:39","slug":"francisco-lemos","status":"publish","type":"post","link":"https:\/\/www.sportingcanal.com\/?p=7215","title":{"rendered":"Francisco Lemos"},"content":{"rendered":"<p>Francisco Ant\u00f3nio Torrejoncillo Lemos nasceu a 4 de Outubro de 1939 em Lisboa. Come\u00e7ou muito cedo a praticar Atletismo no Sporting. Entre 1955 e 1957 conquistou v\u00e1rios t\u00edtulos e alcan\u00e7ou diversos lugares de honra em provas de velocidade nas camadas jovens.<\/p>\n<p>No Badminton atingiu grande relevo ao fazer parte das equipas que conquistaram os 2 t\u00edtulos nacionais do palmar\u00e9s leonino na modalidade &#8211; em 1958 e 1959. Esteve no Badminton do Sporting desde 1958 at\u00e9 \u00e0 sua extin\u00e7\u00e3o, em 1964.<\/p>\n<p>Em 1963\/64 a Sec\u00e7\u00e3o de Badminton verde e branca organizou os primeiros Campeonatos Abertos do clube, instituindo as Ta\u00e7as Challenge \u201cPeggy Cohen\u201d para senhoras e \u201cFrancisco Lemos\u201d para homens, reconhecendo assim a sua import\u00e2ncia no desenvolvimento da modalidade, n\u00e3o s\u00f3 no Sporting como no pa\u00eds.<\/p>\n<p>Depois do clube de Alvalade extinguir a sec\u00e7\u00e3o, Francisco Lemos esteve no Clube Naval de Louren\u00e7o Marques e no CIF (at\u00e9 1976). Em Mo\u00e7ambique sagrou-se o 1\u00ba Campe\u00e3o de Louren\u00e7o Marques e no CIF chegou a Campe\u00e3o Nacional em pares homens.<\/p>\n<p>Fez parte da Sele\u00e7\u00e3o de Lisboa e integrou a 1\u00aa Sele\u00e7\u00e3o Nacional. Ali\u00e1s, em 1973, foi o 1\u00ba jogador a capitanear a selec\u00e7\u00e3o portuguesa, num torneio em Bruxelas.<\/p>\n<p>Licenciado em Educa\u00e7\u00e3o F\u00edsica mereceu distin\u00e7\u00f5es importantes, a mais marcante das quais ter\u00e1 sido a de S\u00f3cio de M\u00e9rito com Distin\u00e7\u00e3o da Federa\u00e7\u00e3o Portuguesa de Badminton. Foi tamb\u00e9m Selecionador nacional.<\/p>\n<p>Nota: Texto elaborado com base na informa\u00e7\u00e3o contida no site <a href=\"http:\/\/www.forumscp.com\/wiki\/index.php?title=Wiki_Sporting\">wiki sporting<\/a><\/p>\n<div class=\"tweetthis\" style=\"text-align:left;\"><p> <a target=\"_blank\" rel=\"nofollow\" class=\"tt\" href=\"http:\/\/twitter.com\/home\/?status=Francisco+Lemos+https%3A%2F%2Fis.gd%2FgrYHeE\" title=\"Post to Twitter\"><img decoding=\"async\" class=\"nothumb\" src=\"http:\/\/www.sportingcanal.com\/wp-content\/plugins\/tweet-this\/icons\/en\/twitter\/tt-twitter6.png\" alt=\"Post to Twitter\" \/><\/a><\/p><\/div>","protected":false},"excerpt":{"rendered":"<p>Francisco Ant\u00f3nio Torrejoncillo Lemos nasceu a 4 de Outubro de 1939 em Lisboa. Come\u00e7ou muito cedo a praticar Atletismo no Sporting. Entre 1955 e 1957 conquistou v\u00e1rios t\u00edtulos e alcan\u00e7ou diversos lugares de honra em provas de velocidade nas camadas jovens. No Badminton atingiu grande relevo ao fazer parte das equipas que conquistaram os 2 [&hellip;]<\/p>\n","protected":false},"author":1,"featured_media":38992,"comment_status":"open","ping_status":"open","sticky":false,"template":"","format":"standard","meta":{"_et_pb_use_builder":"","_et_pb_old_content":"","_et_gb_content_width":"","footnotes":""},"categories":[13],"tags":[21,79],"_links":{"self":[{"href":"https:\/\/www.sportingcanal.com\/index.php?rest_route=\/wp\/v2\/posts\/7215"}],"collection":[{"href":"https:\/\/www.sportingcanal.com\/index.php?rest_route=\/wp\/v2\/posts"}],"about":[{"href":"https:\/\/www.sportingcanal.com\/index.php?rest_route=\/wp\/v2\/types\/post"}],"author":[{"embeddable":true,"href":"https:\/\/www.sportingcanal.com\/index.php?rest_route=\/wp\/v2\/users\/1"}],"replies":[{"embeddable":true,"href":"https:\/\/www.sportingcanal.com\/index.php?rest_route=%2Fwp%2Fv2%2Fcomments&post=7215"}],"version-history":[{"count":23,"href":"https:\/\/www.sportingcanal.com\/index.php?rest_route=\/wp\/v2\/posts\/7215\/revisions"}],"predecessor-version":[{"id":38993,"href":"https:\/\/www.sportingcanal.com\/index.php?rest_route=\/wp\/v2\/posts\/7215\/revisions\/38993"}],"wp:featuredmedia":[{"embeddable":true,"href":"https:\/\/www.sportingcanal.com\/index.php?rest_route=\/wp\/v2\/media\/38992"}],"wp:attachment":[{"href":"https:\/\/www.sportingcanal.com\/index.php?rest_route=%2Fwp%2Fv2%2Fmedia&parent=7215"}],"wp:term":[{"taxonomy":"category","embeddable":true,"href":"https:\/\/www.sportingcanal.com\/index.php?rest_route=%2Fwp%2Fv2%2Fcategories&post=7215"},{"taxonomy":"post_tag","embeddable":true,"href":"https:\/\/www.sportingcanal.com\/index.php?rest_route=%2Fwp%2Fv2%2Ftags&post=7215"}],"curies":[{"name":"wp","href":"https:\/\/api.w.org\/{rel}","templated":true}]}}