{"id":7300,"date":"2025-10-09T08:00:52","date_gmt":"2025-10-09T07:00:52","guid":{"rendered":"http:\/\/www.sportingcanal.com\/?p=7300"},"modified":"2025-10-11T22:49:15","modified_gmt":"2025-10-11T21:49:15","slug":"chico-atacante-versatil-e-eficaz","status":"publish","type":"post","link":"https:\/\/www.sportingcanal.com\/?p=7300","title":{"rendered":"Chico \u2013 Atacante vers\u00e1til e eficaz"},"content":{"rendered":"<p>Francisco Delfim Dias Faria nasceu a 9 de Outubro de 1949 em Matosinhos. Come\u00e7ou por jogar no Leix\u00f5es &#8211; uma equipa que chegou a ganhar grande protagonismo e de onde sairam excelentes jogadores apelidados de \u201cBeb\u00e9s de Matosinhos\u201d. Na altura j\u00e1 era internacional portugu\u00eas pelas camadas jovens.\u00a0Chegou ao Sporting no defeso de 1968 por 1.900 contos &#8211; apenas uma \u00e9poca no 1\u00ba escal\u00e3o do futebol portugu\u00eas tinha bastado para o confirmar como um dos jovens de maior potencial na altura.<\/p>\n<p>Estreou-se oficialmente (com o treinador Fernando Caiado) a 8 de Setembro de 1968 num triunfo por 5-0 sobre o Varzim para a 1\u00aa jornada do Campeonato. Marcou pela 1\u00aa vez a 22 do mesmo m\u00eas, numa derrota frente ao Uni\u00e3o de Tomar por 2-1. Logo nessa 1\u00aa temporada foi muito utilizado (35 jogos \u2013 8 golos) a ponto de fazer os treinadores do Sporting derivarem o habitual extremo-direito Marinho para a ala contr\u00e1ria.<\/p>\n<p>Para a \u00e9poca seguinte foi contratado Dinis (para alinhar na extrema-esquerda). Marinho voltou ao seu posto habitual e Chico jogou menos (10 presen\u00e7as), mas festejou o seu 1\u00ba t\u00edtulo nacional (o treinador era Fernando Vaz). Em 1970\/71 o Sporting conquistou a Ta\u00e7a de Portugal. Chico manteve-se como alternativa a Marinho, realizou 22 jogos (10 golos) e marcou por duas vezes na final da Ta\u00e7a de Portugal (4-1 ao Benfica).<\/p>\n<p>Ate 1975\/76 (a sua \u00faltima temporada no Sporting), manteve-se como um dos protagonistas da equipa leonina, ora \u00e0 direita ora \u00e0 esquerda do ataque. Na final da Ta\u00e7a de 1974 voltou a marcar ao Benfica e a contribuir, assim, de forma decisiva para o triunfo.<\/p>\n<p>Fez o seu \u00faltimo jogo de verde e branco a 30 de Maio de 1976 numa derrota por 3-1 no Bessa para a \u00faltima jornada do Campeonato, marcando na ocasi\u00e3o o golo derradeiro de \u201cle\u00e3o ao peito\u201d. O facto de nunca se ter fixado numa posi\u00e7\u00e3o espec\u00edfica e a p\u00e9ssima temporada coletiva em 1975\/76 pesaram para a sua dispensa, uma decis\u00e3o que muitos consideraram precipitada e injusta.<\/p>\n<p>Esteve um total de 8 temporadas na 1\u00aa equipa do Sporting, tendo alinhado em 230 jogos oficiais e marcado 64 golos. Ganhou 2 Campeonatos Nacionais e 3 Ta\u00e7as de Portugal. Foi um futebolista muito importante numa fase em que a equipa leonina passou por momentos memor\u00e1veis. Foi um avan\u00e7ado muito m\u00f3vel, r\u00e1pido, com engodo pela baliza e bom no jogo de cabe\u00e7a \u2013 um atacante completo.<\/p>\n<p>Depois jogou no Braga (onde assumiu grande destaque) por 6 temporadas. Passou mais tarde pelo Penafiel e terminou a carreira em 1985 no Lusit\u00e2nia de Lourosa.<\/p>\n<p>Foi 4 vezes internacional A (3 enquanto jogava no Sporting).<\/p>\n<p>Morreu a 10 de Junho de 2004 vitimado por uma doen\u00e7a pulmonar.<\/p>\n<table border=\"1\" width=\"366\" cellspacing=\"0\" cellpadding=\"0\">\n<tbody>\n<tr>\n<td colspan=\"7\" valign=\"top\" width=\"366\"><strong>GOLOS de CHICO no SPORTING<\/strong><\/td>\n<\/tr>\n<tr>\n<td valign=\"top\" width=\"73\">\u00c9POCA<\/td>\n<td valign=\"top\" width=\"45\">TC<\/td>\n<td valign=\"top\" width=\"45\">TT<\/td>\n<td valign=\"top\" width=\"45\">TF\/U<\/td>\n<td valign=\"top\" width=\"45\">CN<\/td>\n<td valign=\"top\" width=\"45\">TP<\/td>\n<td valign=\"top\" width=\"66\">TOTAL<\/td>\n<\/tr>\n<tr>\n<td valign=\"top\" width=\"73\">1968\/69<\/td>\n<td valign=\"top\" width=\"45\">&#8211;<\/td>\n<td valign=\"top\" width=\"45\">&#8211;<\/td>\n<td valign=\"top\" width=\"45\">1<\/td>\n<td valign=\"top\" width=\"45\">5<\/td>\n<td valign=\"top\" width=\"45\">2<\/td>\n<td valign=\"top\" width=\"66\">8<\/td>\n<\/tr>\n<tr>\n<td valign=\"top\" width=\"73\">1969\/70<\/td>\n<td valign=\"top\" width=\"45\">&#8211;<\/td>\n<td valign=\"top\" width=\"45\">&#8211;<\/td>\n<td valign=\"top\" width=\"45\">0<\/td>\n<td valign=\"top\" width=\"45\">1<\/td>\n<td valign=\"top\" width=\"45\">0<\/td>\n<td valign=\"top\" width=\"66\">1<\/td>\n<\/tr>\n<tr>\n<td valign=\"top\" width=\"73\">1970\/71<\/td>\n<td valign=\"top\" width=\"45\">0<\/td>\n<td valign=\"top\" width=\"45\">&#8211;<\/td>\n<td valign=\"top\" width=\"45\">&#8211;<\/td>\n<td valign=\"top\" width=\"45\">3<\/td>\n<td valign=\"top\" width=\"45\">7<\/td>\n<td valign=\"top\" width=\"66\">10<\/td>\n<\/tr>\n<tr>\n<td valign=\"top\" width=\"73\">1971\/72<\/td>\n<td valign=\"top\" width=\"45\">&#8211;<\/td>\n<td valign=\"top\" width=\"45\">1<\/td>\n<td valign=\"top\" width=\"45\">&#8211;<\/td>\n<td valign=\"top\" width=\"45\">10<\/td>\n<td valign=\"top\" width=\"45\">3<\/td>\n<td valign=\"top\" width=\"66\">14<\/td>\n<\/tr>\n<tr>\n<td valign=\"top\" width=\"73\">1972\/73<\/td>\n<td valign=\"top\" width=\"45\">&#8211;<\/td>\n<td valign=\"top\" width=\"45\">0<\/td>\n<td valign=\"top\" width=\"45\">&#8211;<\/td>\n<td valign=\"top\" width=\"45\">5<\/td>\n<td valign=\"top\" width=\"45\">2<\/td>\n<td valign=\"top\" width=\"66\">7<\/td>\n<\/tr>\n<tr>\n<td valign=\"top\" width=\"73\">1973\/74<\/td>\n<td valign=\"top\" width=\"45\">&#8211;<\/td>\n<td valign=\"top\" width=\"45\">0<\/td>\n<td valign=\"top\" width=\"45\">&#8211;<\/td>\n<td valign=\"top\" width=\"45\">5<\/td>\n<td valign=\"top\" width=\"45\">2<\/td>\n<td valign=\"top\" width=\"66\">7<\/td>\n<\/tr>\n<tr>\n<td valign=\"top\" width=\"73\">1974\/75<\/td>\n<td valign=\"top\" width=\"45\">0<\/td>\n<td valign=\"top\" width=\"45\">&#8211;<\/td>\n<td valign=\"top\" width=\"45\">&#8211;<\/td>\n<td valign=\"top\" width=\"45\">5<\/td>\n<td valign=\"top\" width=\"45\">1<\/td>\n<td valign=\"top\" width=\"66\">6<\/td>\n<\/tr>\n<tr>\n<td valign=\"top\" width=\"73\">1975\/76<\/td>\n<td valign=\"top\" width=\"45\">&#8211;<\/td>\n<td valign=\"top\" width=\"45\">&#8211;<\/td>\n<td valign=\"top\" width=\"45\">1<\/td>\n<td valign=\"top\" width=\"45\">10<\/td>\n<td valign=\"top\" width=\"45\">0<\/td>\n<td valign=\"top\" width=\"66\">11<\/td>\n<\/tr>\n<tr>\n<td valign=\"top\" width=\"73\"><strong>Total<\/strong><\/td>\n<td valign=\"top\" width=\"45\"><strong>0<\/strong><\/td>\n<td valign=\"top\" width=\"45\"><strong>1<\/strong><\/td>\n<td valign=\"top\" width=\"45\"><strong>2<\/strong><\/td>\n<td valign=\"top\" width=\"45\"><strong>44<\/strong><\/td>\n<td valign=\"top\" width=\"45\"><strong>17<\/strong><\/td>\n<td valign=\"top\" width=\"66\"><strong>64<\/strong><\/td>\n<\/tr>\n<\/tbody>\n<\/table>\n<div class=\"tweetthis\" style=\"text-align:left;\"><p> <a target=\"_blank\" rel=\"nofollow\" class=\"tt\" href=\"http:\/\/twitter.com\/home\/?status=Chico+%E2%80%93+Atacante+vers%C3%A1til+e+eficaz+https%3A%2F%2Fis.gd%2FZZtuvZ\" title=\"Post to Twitter\"><img decoding=\"async\" class=\"nothumb\" src=\"http:\/\/www.sportingcanal.com\/wp-content\/plugins\/tweet-this\/icons\/en\/twitter\/tt-twitter6.png\" alt=\"Post to Twitter\" \/><\/a><\/p><\/div>","protected":false},"excerpt":{"rendered":"<p>Francisco Delfim Dias Faria nasceu a 9 de Outubro de 1949 em Matosinhos. Come\u00e7ou por jogar no Leix\u00f5es &#8211; uma equipa que chegou a ganhar grande protagonismo e de onde sairam excelentes jogadores apelidados de \u201cBeb\u00e9s de Matosinhos\u201d. Na altura j\u00e1 era internacional portugu\u00eas pelas camadas jovens.\u00a0Chegou ao Sporting no defeso de 1968 por 1.900 [&hellip;]<\/p>\n","protected":false},"author":1,"featured_media":39056,"comment_status":"open","ping_status":"open","sticky":false,"template":"","format":"standard","meta":{"_et_pb_use_builder":"","_et_pb_old_content":"","_et_gb_content_width":"","footnotes":""},"categories":[63],"tags":[66,8],"_links":{"self":[{"href":"https:\/\/www.sportingcanal.com\/index.php?rest_route=\/wp\/v2\/posts\/7300"}],"collection":[{"href":"https:\/\/www.sportingcanal.com\/index.php?rest_route=\/wp\/v2\/posts"}],"about":[{"href":"https:\/\/www.sportingcanal.com\/index.php?rest_route=\/wp\/v2\/types\/post"}],"author":[{"embeddable":true,"href":"https:\/\/www.sportingcanal.com\/index.php?rest_route=\/wp\/v2\/users\/1"}],"replies":[{"embeddable":true,"href":"https:\/\/www.sportingcanal.com\/index.php?rest_route=%2Fwp%2Fv2%2Fcomments&post=7300"}],"version-history":[{"count":19,"href":"https:\/\/www.sportingcanal.com\/index.php?rest_route=\/wp\/v2\/posts\/7300\/revisions"}],"predecessor-version":[{"id":39057,"href":"https:\/\/www.sportingcanal.com\/index.php?rest_route=\/wp\/v2\/posts\/7300\/revisions\/39057"}],"wp:featuredmedia":[{"embeddable":true,"href":"https:\/\/www.sportingcanal.com\/index.php?rest_route=\/wp\/v2\/media\/39056"}],"wp:attachment":[{"href":"https:\/\/www.sportingcanal.com\/index.php?rest_route=%2Fwp%2Fv2%2Fmedia&parent=7300"}],"wp:term":[{"taxonomy":"category","embeddable":true,"href":"https:\/\/www.sportingcanal.com\/index.php?rest_route=%2Fwp%2Fv2%2Fcategories&post=7300"},{"taxonomy":"post_tag","embeddable":true,"href":"https:\/\/www.sportingcanal.com\/index.php?rest_route=%2Fwp%2Fv2%2Ftags&post=7300"}],"curies":[{"name":"wp","href":"https:\/\/api.w.org\/{rel}","templated":true}]}}