{"id":7316,"date":"2025-10-09T09:00:54","date_gmt":"2025-10-09T08:00:54","guid":{"rendered":"http:\/\/www.sportingcanal.com\/?p=7316"},"modified":"2025-10-11T22:49:23","modified_gmt":"2025-10-11T21:49:23","slug":"o-1%c2%ba-arbitro-internacional-portugues","status":"publish","type":"post","link":"https:\/\/www.sportingcanal.com\/?p=7316","title":{"rendered":"1921 &#8211; O 1\u00ba \u00e1rbitro internacional portugu\u00eas"},"content":{"rendered":"<p>9 de Outubro de 1921. Neste tempo era habitual encontrar jogadores de futebol de 1\u00ba plano como Francisco Stromp, Cosme Dami\u00e3o ou C\u00e2ndido de Oliveira a apitar jogos dos nossos campeonatos. Mas neste dia algo de novo surgiu, dando-se a 1\u00aa internacionaliza\u00e7\u00e3o dum \u00e1rbitro portugu\u00eas &#8211; o brilhant\u00edssimo futebolista do Sporting &#8211; Jorge Vieira.<\/p>\n<p>Um Espanha-B\u00e9lgica gerava grande expetativa (era a desforra dos espanh\u00f3s da derrota na final dos Jogos Ol\u00edmpicos de 1920) e a Uni\u00e3o Espanhola solicitou \u00e0 Uni\u00e3o Portuguesa de Futebol a nomea\u00e7\u00e3o dum \u00e1rbitro nacional, sendo escolhido o defesa leonino.<\/p>\n<p>Nunca um jogo internacional despertara tanto interesse entre n\u00f3s, e ap\u00f3s a vit\u00f3ria espanhola por 2-0 (em Bilbau), Jorge Vieira, de 23 anos, foi levado em ombros pela forma correta e imparcial com que tinha desempenhado a sua miss\u00e3o.<\/p>\n<div class=\"tweetthis\" style=\"text-align:left;\"><p> <a target=\"_blank\" rel=\"nofollow\" class=\"tt\" href=\"http:\/\/twitter.com\/home\/?status=1921+%E2%80%93+O+1%C2%BA+%C3%A1rbitro+internacional+portugu%C3%AAs+https%3A%2F%2Fis.gd%2FoVft4j\" title=\"Post to Twitter\"><img decoding=\"async\" class=\"nothumb\" src=\"http:\/\/www.sportingcanal.com\/wp-content\/plugins\/tweet-this\/icons\/en\/twitter\/tt-twitter6.png\" alt=\"Post to Twitter\" \/><\/a><\/p><\/div>","protected":false},"excerpt":{"rendered":"<p>9 de Outubro de 1921. Neste tempo era habitual encontrar jogadores de futebol de 1\u00ba plano como Francisco Stromp, Cosme Dami\u00e3o ou C\u00e2ndido de Oliveira a apitar jogos dos nossos campeonatos. Mas neste dia algo de novo surgiu, dando-se a 1\u00aa internacionaliza\u00e7\u00e3o dum \u00e1rbitro portugu\u00eas &#8211; o brilhant\u00edssimo futebolista do Sporting &#8211; Jorge Vieira. Um [&hellip;]<\/p>\n","protected":false},"author":1,"featured_media":39060,"comment_status":"open","ping_status":"open","sticky":false,"template":"","format":"standard","meta":{"_et_pb_use_builder":"","_et_pb_old_content":"","_et_gb_content_width":"","footnotes":""},"categories":[4],"tags":[8],"_links":{"self":[{"href":"https:\/\/www.sportingcanal.com\/index.php?rest_route=\/wp\/v2\/posts\/7316"}],"collection":[{"href":"https:\/\/www.sportingcanal.com\/index.php?rest_route=\/wp\/v2\/posts"}],"about":[{"href":"https:\/\/www.sportingcanal.com\/index.php?rest_route=\/wp\/v2\/types\/post"}],"author":[{"embeddable":true,"href":"https:\/\/www.sportingcanal.com\/index.php?rest_route=\/wp\/v2\/users\/1"}],"replies":[{"embeddable":true,"href":"https:\/\/www.sportingcanal.com\/index.php?rest_route=%2Fwp%2Fv2%2Fcomments&post=7316"}],"version-history":[{"count":22,"href":"https:\/\/www.sportingcanal.com\/index.php?rest_route=\/wp\/v2\/posts\/7316\/revisions"}],"predecessor-version":[{"id":39061,"href":"https:\/\/www.sportingcanal.com\/index.php?rest_route=\/wp\/v2\/posts\/7316\/revisions\/39061"}],"wp:featuredmedia":[{"embeddable":true,"href":"https:\/\/www.sportingcanal.com\/index.php?rest_route=\/wp\/v2\/media\/39060"}],"wp:attachment":[{"href":"https:\/\/www.sportingcanal.com\/index.php?rest_route=%2Fwp%2Fv2%2Fmedia&parent=7316"}],"wp:term":[{"taxonomy":"category","embeddable":true,"href":"https:\/\/www.sportingcanal.com\/index.php?rest_route=%2Fwp%2Fv2%2Fcategories&post=7316"},{"taxonomy":"post_tag","embeddable":true,"href":"https:\/\/www.sportingcanal.com\/index.php?rest_route=%2Fwp%2Fv2%2Ftags&post=7316"}],"curies":[{"name":"wp","href":"https:\/\/api.w.org\/{rel}","templated":true}]}}