{"id":7360,"date":"2025-10-16T09:00:03","date_gmt":"2025-10-16T08:00:03","guid":{"rendered":"http:\/\/www.sportingcanal.com\/?p=7360"},"modified":"2025-10-16T15:19:05","modified_gmt":"2025-10-16T14:19:05","slug":"lima","status":"publish","type":"post","link":"https:\/\/www.sportingcanal.com\/?p=7360","title":{"rendered":"Lima"},"content":{"rendered":"<p>Jos\u00e9 Ant\u00f3nio Ramalho de Lima nasceu a 16 de Outubro de 1966 em Lisboa. Come\u00e7ou por jogar no Mira de Sintra, mas muito cedo rumou ao Sporting onde fez quase toda a forma\u00e7\u00e3o e se tornou internacional em todos os escal\u00f5es.<\/p>\n<p>Ap\u00f3s a sa\u00edda de Futre houve quem comparasse os 2 talentos, criando a expetativa de Lima (at\u00e9 porque jogavam na mesma posi\u00e7\u00e3o \u2013 bem encostados no flanco esquerdo do ataque) vir a ser uma esp\u00e9cie de substituto da ent\u00e3o \u201cestrela\u201d do FC Porto. Estreou-se oficialmente (com Manuel Jos\u00e9) a 24 de Agosto de 1985 num Sporting-Penafiel (6-0) para a 1\u00aa jornada do Campeonato. Nessa temporada s\u00f3 acumulou mais uma presen\u00e7a, passando praticamente despercebido. No ano seguinte voltou a jogar pouqu\u00edssimo.<\/p>\n<p>Em 1987\/88 marcou finalmente o seu 1\u00ba golo de verde e branco, numa desloca\u00e7\u00e3o \u00e0 Covilh\u00e3 (triunfo por 2-1). mas ainda assim jogou raramente (9 presen\u00e7as). Para a temporada seguinte foi, com alguma surpresa, um dos que resistiu \u00e0 revolu\u00e7\u00e3o promovida no plantel pelo novo presidente Jorge Gon\u00e7alves. Acabou at\u00e9 por jogar com mais regularidade (22 jogos e 5 golos) e assumir maior protagonismo na equipa, fazendo a sua melhor temporada no Sporting.<\/p>\n<p>Permaneceu ainda mais 3 anos no plantel, mas nunca conquistou um lugar de habitual titular. A 22 de Dezembro de 1991 marcou pela \u00faltima vez, num triunfo em Alvalade frente ao Mar\u00edtimo por 2-1. A 10 de Maio de 1992 fez o jogo derradeiro de verde e branco numa rece\u00e7\u00e3o ao Pa\u00e7os de Ferreira (2-1).<\/p>\n<p>Realizou um total de 72 jogos oficiais e marcou 8 golos de verde e branco. Ganhou uma Superta\u00e7a. Foi duas vezes internacional A.<\/p>\n<p>Dispensado, rumou ent\u00e3o ao Vit\u00f3ria de Guimar\u00e3es, onde n\u00e3o teve sucesso. Jogou depois no Atl\u00e9tico CP e no Alverca, onde terminou a carreira em 1999. Por Alverca ficou como treinador adjunto (de Jos\u00e9 Rom\u00e3o) \u00a0e em 2002 conseguiu ser Campe\u00e3o Nacional de Juniores pelo clube ribatejano (uma grande proeza). No ano seguinte voltou a adjunto da equipa principal (agora de Jos\u00e9 Couceiro), posto que repetiria no Belenenses (com o\u00a0 mesmo treinador) em 2005\/06.<\/p>\n<p>Licenciado em Educa\u00e7\u00e3o F\u00edsica e Desporto pela Faculdade de Motricidade Humana e com o curso de Treinadores de Futebol de N\u00edvel IV foi, de 2007 a 2010, treinador dos juniores do Sporting, conquistando 3 t\u00edtulos nacionais. Em 2010 (de Carlos Carvalhal) e 2011 (de Jos\u00e9 Couceiro) voltou a ser adjunto, mas agora da equipa principal leonina.<\/p>\n<p>Em 2010 ganhou o Pr\u00e9mio Stromp na categoria \u201cT\u00e9cnico\u201d.<\/p>\n<p>Com a reestrutura\u00e7\u00e3o promovida pela equipa liderada pelo presidente Godinho Lopes (eleito em 2011), Jos\u00e9 Lima passou a treinador dos juvenis do Sporting. No in\u00edcio de 2013\/14, j\u00e1 com o presidente Bruno de Carvalho, assumiu de novo a lideran\u00e7a dos juniores, acabando dispensado em finais de Outubro de 2014 ap\u00f3s uma s\u00e9rie de maus resultados&#8230;<\/p>\n<div class=\"tweetthis\" style=\"text-align:left;\"><p> <a target=\"_blank\" rel=\"nofollow\" class=\"tt\" href=\"http:\/\/twitter.com\/home\/?status=Lima+https%3A%2F%2Fis.gd%2FK60q4g\" title=\"Post to Twitter\"><img decoding=\"async\" class=\"nothumb\" src=\"http:\/\/www.sportingcanal.com\/wp-content\/plugins\/tweet-this\/icons\/en\/twitter\/tt-twitter6.png\" alt=\"Post to Twitter\" \/><\/a><\/p><\/div>","protected":false},"excerpt":{"rendered":"<p>Jos\u00e9 Ant\u00f3nio Ramalho de Lima nasceu a 16 de Outubro de 1966 em Lisboa. Come\u00e7ou por jogar no Mira de Sintra, mas muito cedo rumou ao Sporting onde fez quase toda a forma\u00e7\u00e3o e se tornou internacional em todos os escal\u00f5es. Ap\u00f3s a sa\u00edda de Futre houve quem comparasse os 2 talentos, criando a expetativa [&hellip;]<\/p>\n","protected":false},"author":1,"featured_media":39100,"comment_status":"open","ping_status":"open","sticky":false,"template":"","format":"standard","meta":{"_et_pb_use_builder":"","_et_pb_old_content":"","_et_gb_content_width":"","footnotes":""},"categories":[13],"tags":[66,8,27],"_links":{"self":[{"href":"https:\/\/www.sportingcanal.com\/index.php?rest_route=\/wp\/v2\/posts\/7360"}],"collection":[{"href":"https:\/\/www.sportingcanal.com\/index.php?rest_route=\/wp\/v2\/posts"}],"about":[{"href":"https:\/\/www.sportingcanal.com\/index.php?rest_route=\/wp\/v2\/types\/post"}],"author":[{"embeddable":true,"href":"https:\/\/www.sportingcanal.com\/index.php?rest_route=\/wp\/v2\/users\/1"}],"replies":[{"embeddable":true,"href":"https:\/\/www.sportingcanal.com\/index.php?rest_route=%2Fwp%2Fv2%2Fcomments&post=7360"}],"version-history":[{"count":21,"href":"https:\/\/www.sportingcanal.com\/index.php?rest_route=\/wp\/v2\/posts\/7360\/revisions"}],"predecessor-version":[{"id":39101,"href":"https:\/\/www.sportingcanal.com\/index.php?rest_route=\/wp\/v2\/posts\/7360\/revisions\/39101"}],"wp:featuredmedia":[{"embeddable":true,"href":"https:\/\/www.sportingcanal.com\/index.php?rest_route=\/wp\/v2\/media\/39100"}],"wp:attachment":[{"href":"https:\/\/www.sportingcanal.com\/index.php?rest_route=%2Fwp%2Fv2%2Fmedia&parent=7360"}],"wp:term":[{"taxonomy":"category","embeddable":true,"href":"https:\/\/www.sportingcanal.com\/index.php?rest_route=%2Fwp%2Fv2%2Fcategories&post=7360"},{"taxonomy":"post_tag","embeddable":true,"href":"https:\/\/www.sportingcanal.com\/index.php?rest_route=%2Fwp%2Fv2%2Ftags&post=7360"}],"curies":[{"name":"wp","href":"https:\/\/api.w.org\/{rel}","templated":true}]}}