{"id":7422,"date":"2025-10-15T14:30:22","date_gmt":"2025-10-15T13:30:22","guid":{"rendered":"http:\/\/www.sportingcanal.com\/?p=7422"},"modified":"2025-10-15T11:00:31","modified_gmt":"2025-10-15T10:00:31","slug":"diogo-neves-sagra-se-campeao-do-mundo","status":"publish","type":"post","link":"https:\/\/www.sportingcanal.com\/?p=7422","title":{"rendered":"2011 &#8211; Diogo Neves sagrou-se Campe\u00e3o do Mundo de K1"},"content":{"rendered":"<p>15 de Outubro de 2011. O atleta leonino Diogo Neves conquistou nessa noite o t\u00edtulo mundial de K1, em peso meio m\u00e9dio, na Rom\u00e9nia ao vencer o romeno Ionut Atodiresei, aos pontos, ap\u00f3s ter sido mais forte ao longo dos 5 assaltos de 3 minutos.<\/p>\n<p>O sportinguista juntou este t\u00edtulo mundial ao anteriormente conquistado \u2013 Campe\u00e3o da Europa de Kick Boxing, em -71 kg \u2013 e, em declara\u00e7\u00f5es \u00e0 Eurosport, que transmitiu o combate em direto, afirmou: \u201cEnfrentei um advers\u00e1rio muito forte, mas j\u00e1 sabia que iria ganhar o t\u00edtulo pois tinha treinado muito para este dia. Agrade\u00e7o ao meu treinador, Fernando Fernandes, aos meus colegas de treino e dedico este t\u00edtulo \u00e0 minha namorada e \u00e0 minha fam\u00edlia.\u201d<\/p>\n<p>J\u00e1 Fernando Fernandes (o seu treinador), considerou que: \u201cEste \u00e9 um grande t\u00edtulo conquistado para o pa\u00eds, atrav\u00e9s do melhor clube do Mundo. Agradecemos todo o apoio do Sporting, que \u00e9 fundamental para conseguirmos estes resultados de topo mundial e agora gostava muito de ver os nossos adeptos no aeroporto para festejar este t\u00edtulo mundial\u201d.<\/p>\n<div class=\"tweetthis\" style=\"text-align:left;\"><p> <a target=\"_blank\" rel=\"nofollow\" class=\"tt\" href=\"http:\/\/twitter.com\/home\/?status=2011+%E2%80%93+Diogo+Neves+sagrou-se+Campe%C3%A3o+do+Mundo+de+K1+https%3A%2F%2Fis.gd%2FnVKZzn\" title=\"Post to Twitter\"><img decoding=\"async\" class=\"nothumb\" src=\"http:\/\/www.sportingcanal.com\/wp-content\/plugins\/tweet-this\/icons\/en\/twitter\/tt-twitter6.png\" alt=\"Post to Twitter\" \/><\/a><\/p><\/div>","protected":false},"excerpt":{"rendered":"<p>15 de Outubro de 2011. O atleta leonino Diogo Neves conquistou nessa noite o t\u00edtulo mundial de K1, em peso meio m\u00e9dio, na Rom\u00e9nia ao vencer o romeno Ionut Atodiresei, aos pontos, ap\u00f3s ter sido mais forte ao longo dos 5 assaltos de 3 minutos. O sportinguista juntou este t\u00edtulo mundial ao anteriormente conquistado \u2013 [&hellip;]<\/p>\n","protected":false},"author":1,"featured_media":39089,"comment_status":"open","ping_status":"open","sticky":false,"template":"","format":"standard","meta":{"_et_pb_use_builder":"","_et_pb_old_content":"","_et_gb_content_width":"","footnotes":""},"categories":[4],"tags":[39,82],"_links":{"self":[{"href":"https:\/\/www.sportingcanal.com\/index.php?rest_route=\/wp\/v2\/posts\/7422"}],"collection":[{"href":"https:\/\/www.sportingcanal.com\/index.php?rest_route=\/wp\/v2\/posts"}],"about":[{"href":"https:\/\/www.sportingcanal.com\/index.php?rest_route=\/wp\/v2\/types\/post"}],"author":[{"embeddable":true,"href":"https:\/\/www.sportingcanal.com\/index.php?rest_route=\/wp\/v2\/users\/1"}],"replies":[{"embeddable":true,"href":"https:\/\/www.sportingcanal.com\/index.php?rest_route=%2Fwp%2Fv2%2Fcomments&post=7422"}],"version-history":[{"count":21,"href":"https:\/\/www.sportingcanal.com\/index.php?rest_route=\/wp\/v2\/posts\/7422\/revisions"}],"predecessor-version":[{"id":39090,"href":"https:\/\/www.sportingcanal.com\/index.php?rest_route=\/wp\/v2\/posts\/7422\/revisions\/39090"}],"wp:featuredmedia":[{"embeddable":true,"href":"https:\/\/www.sportingcanal.com\/index.php?rest_route=\/wp\/v2\/media\/39089"}],"wp:attachment":[{"href":"https:\/\/www.sportingcanal.com\/index.php?rest_route=%2Fwp%2Fv2%2Fmedia&parent=7422"}],"wp:term":[{"taxonomy":"category","embeddable":true,"href":"https:\/\/www.sportingcanal.com\/index.php?rest_route=%2Fwp%2Fv2%2Fcategories&post=7422"},{"taxonomy":"post_tag","embeddable":true,"href":"https:\/\/www.sportingcanal.com\/index.php?rest_route=%2Fwp%2Fv2%2Ftags&post=7422"}],"curies":[{"name":"wp","href":"https:\/\/api.w.org\/{rel}","templated":true}]}}