{"id":7446,"date":"2025-10-20T10:00:32","date_gmt":"2025-10-20T09:00:32","guid":{"rendered":"http:\/\/www.sportingcanal.com\/?p=7446"},"modified":"2025-10-21T15:44:17","modified_gmt":"2025-10-21T14:44:17","slug":"nelson","status":"publish","type":"post","link":"https:\/\/www.sportingcanal.com\/?p=7446","title":{"rendered":"N\u00e9lson"},"content":{"rendered":"<p><a href=\"http:\/\/www.sportingcanal.com\/wp-content\/uploads\/2011\/10\/futebol-nelson-pereira.png\"><img loading=\"lazy\" decoding=\"async\" class=\"alignleft size-full wp-image-7447\" title=\"futebol - nelson pereira\" src=\"http:\/\/www.sportingcanal.com\/wp-content\/uploads\/2011\/10\/futebol-nelson-pereira.png\" alt=\"\" width=\"300\" height=\"300\" srcset=\"https:\/\/www.sportingcanal.com\/wp-content\/uploads\/2011\/10\/futebol-nelson-pereira.png 300w, https:\/\/www.sportingcanal.com\/wp-content\/uploads\/2011\/10\/futebol-nelson-pereira-150x150.png 150w\" sizes=\"(max-width: 300px) 100vw, 300px\" \/><\/a>N\u00e9lson Alexandre Gomes Pereira nasceu a 20 de Outubro de 1975 em Torres Vedras. Come\u00e7ou a jogar aos 10 anos no clube da sua terra, primeiro como avan\u00e7ado e depois (num daqueles acasos em que falta um guarda-redes e algu\u00e9m vai experimentar o posto) na baliza. Ficou 11 anos no Torreense antes de ingressar no Sporting, no defeso de 1997.<\/p>\n<p>Perante a concorr\u00eancia de De Wilde e Tiago, n\u00e3o chegou a alinhar na 1\u00aa \u00e9poca em Alvalade. Estreou-se oficialmente (com o treinador Mirko Jozic) a 25 de Abril de 1999 num Sporting-Boavista (1-1) para a 29\u00aa jornada do Campeonato e at\u00e9 ganhou a titularidade na fase final dessa temporada, alinhando em 6 jogos oficiais.<\/p>\n<p>Para a \u00e9poca seguinte chegou Schmeichel, um guarda-redes consagrado internacionalmente. N\u00e9lson aprendeu muito com o dinamarqu\u00eas e nas poucas vezes que jogou (9) deixou boas impress\u00f5es. No final celebrou o t\u00e3o festejado t\u00edtulo de 2000. Em 2000\/01 Schmeichel manteve a titularidade, mas Nelson foi uma alternativa muito mais utilizada (18 partidas), destacando-se pela forma segura como correspondia dentro do campo e pelo seu feitio conciliador e amig\u00e1vel fora dele, que muito contribuiam para um bom esp\u00edrito de grupo.<\/p>\n<p>Ap\u00f3s a sa\u00edda do \u201cGrand Danois\u201d, Nelson alternou com Tiago na baliza. B\u00f6l\u00f6ni n\u00e3o deu a claramente a titularidade a nenhum dos dois, a ponto de ambos terem feito 24 partidas oficiais. No final festejou a \u201cdobradinha\u201d e foi convocado para o Mundial da Coreia\/Jap\u00e3o. Em 2002\/03 voltou a alternar com Tiago, mas a chegada do t\u00e9cnico Fernando Santos e de Ricardo fizeram-no passar a uma condi\u00e7\u00e3o clara de suplente em 2003\/04 (apenas 3 jogos). No ano seguinte, com Peseiro, jogou s\u00f3 uma vez e em 2005\/06 (j\u00e1 com Paulo Bento) foi o n\u00ba 2 de Ricardo (8 jogos). A 8 de Fevereiro de 2006 alinhou pela \u00faltima de vez de verde e branco numa rece\u00e7\u00e3o ao FC Paredes (2-1) para os oitavos-de-final da Ta\u00e7a de Portugal.<\/p>\n<p>No final da temporada a dire\u00e7\u00e3o leonina prop\u00f4s-lhe um posto na equipa t\u00e9cnica mas recusou pois queria jogar mais uns anos. Deixou em Alvalade a imagem dum bom-guarda redes (com serenidade, reflexos e boa estampa f\u00edsica para o posto), mas sobretudo a duma excelente pessoa, fundamental para um coletivo s\u00e3o e bem disposto.<\/p>\n<p>Assim, esteve um total de 9 \u00e9pocas (utilizado oficialmente em 8 delas) na equipa principal do Sporting. Realizou 90 jogos (sofreu 92 golos), ganhou 2 Campeonatos Nacionais, uma Ta\u00e7a de Portugal e duas Superta\u00e7as.<\/p>\n<p>Afirma que V\u00edtor Damas (o seu \u00eddolo e 1\u00ba treinador de guarda-redes) e Silvano di Lucia (com quem construiu uma rela\u00e7\u00e3o afetiva com muito significado) foram fundamentais no seu trajeto.<\/p>\n<p>De Alvalade foi para Set\u00fabal. Passou ainda por Estrela da Amadora e Belenenses, onde terminou a carreira em 2010. Foi 3 vezes internacional A. Atualmente tem um escola para guarda-redes e foi treinador desse posto espec\u00edfico no futebol leonino durante v\u00e1rios anos, at\u00e9 ao defeso de 2018. Depois passou para Coordenador dos treinadores de guarda-redes, onde esteve at\u00e9 Julho de 2021.<\/p>\n<div class=\"tweetthis\" style=\"text-align:left;\"><p> <a target=\"_blank\" rel=\"nofollow\" class=\"tt\" href=\"http:\/\/twitter.com\/home\/?status=N%C3%A9lson+https%3A%2F%2Fis.gd%2FQWh4i0\" title=\"Post to Twitter\"><img decoding=\"async\" class=\"nothumb\" src=\"http:\/\/www.sportingcanal.com\/wp-content\/plugins\/tweet-this\/icons\/en\/twitter\/tt-twitter6.png\" alt=\"Post to Twitter\" \/><\/a><\/p><\/div>","protected":false},"excerpt":{"rendered":"<p>N\u00e9lson Alexandre Gomes Pereira nasceu a 20 de Outubro de 1975 em Torres Vedras. Come\u00e7ou a jogar aos 10 anos no clube da sua terra, primeiro como avan\u00e7ado e depois (num daqueles acasos em que falta um guarda-redes e algu\u00e9m vai experimentar o posto) na baliza. Ficou 11 anos no Torreense antes de ingressar no [&hellip;]<\/p>\n","protected":false},"author":1,"featured_media":39133,"comment_status":"open","ping_status":"open","sticky":false,"template":"","format":"standard","meta":{"_et_pb_use_builder":"","_et_pb_old_content":"","_et_gb_content_width":"","footnotes":""},"categories":[13],"tags":[8,52],"_links":{"self":[{"href":"https:\/\/www.sportingcanal.com\/index.php?rest_route=\/wp\/v2\/posts\/7446"}],"collection":[{"href":"https:\/\/www.sportingcanal.com\/index.php?rest_route=\/wp\/v2\/posts"}],"about":[{"href":"https:\/\/www.sportingcanal.com\/index.php?rest_route=\/wp\/v2\/types\/post"}],"author":[{"embeddable":true,"href":"https:\/\/www.sportingcanal.com\/index.php?rest_route=\/wp\/v2\/users\/1"}],"replies":[{"embeddable":true,"href":"https:\/\/www.sportingcanal.com\/index.php?rest_route=%2Fwp%2Fv2%2Fcomments&post=7446"}],"version-history":[{"count":26,"href":"https:\/\/www.sportingcanal.com\/index.php?rest_route=\/wp\/v2\/posts\/7446\/revisions"}],"predecessor-version":[{"id":36914,"href":"https:\/\/www.sportingcanal.com\/index.php?rest_route=\/wp\/v2\/posts\/7446\/revisions\/36914"}],"wp:featuredmedia":[{"embeddable":true,"href":"https:\/\/www.sportingcanal.com\/index.php?rest_route=\/wp\/v2\/media\/39133"}],"wp:attachment":[{"href":"https:\/\/www.sportingcanal.com\/index.php?rest_route=%2Fwp%2Fv2%2Fmedia&parent=7446"}],"wp:term":[{"taxonomy":"category","embeddable":true,"href":"https:\/\/www.sportingcanal.com\/index.php?rest_route=%2Fwp%2Fv2%2Fcategories&post=7446"},{"taxonomy":"post_tag","embeddable":true,"href":"https:\/\/www.sportingcanal.com\/index.php?rest_route=%2Fwp%2Fv2%2Ftags&post=7446"}],"curies":[{"name":"wp","href":"https:\/\/api.w.org\/{rel}","templated":true}]}}