{"id":7450,"date":"2025-10-20T09:30:57","date_gmt":"2025-10-20T08:30:57","guid":{"rendered":"http:\/\/www.sportingcanal.com\/?p=7450"},"modified":"2025-10-21T15:44:14","modified_gmt":"2025-10-21T14:44:14","slug":"stan-valckx-excelente-a-defender-optimo-a-sair-a-jogar","status":"publish","type":"post","link":"https:\/\/www.sportingcanal.com\/?p=7450","title":{"rendered":"Stan Valckx \u2013 Bom a defender, \u00f3timo a sair a jogar"},"content":{"rendered":"<p>Stanislau Henricus Christina Valckx nasceu a 20 de Outubro de 1963 em Arcen \u2013 Holanda. Come\u00e7ou a destacar-se no VV Venlo que ajudou a subir e consolidar-se na 1\u00aa divis\u00e3o do seu pa\u00eds. N\u00e3o tardou a que o PSV o recrutasse, e pela equipa de Endhoven foi 3 vezes Campe\u00e3o e ganhou duas Ta\u00e7as de Holanda.<\/p>\n<p>Chegou ao Sporting no defeso de 1992 indicado pelo novo treinador Bobby Robson, que com ele tinha trabalhado no PSV. Era j\u00e1 um futebolista consagrado, internacional A pelo seu pa\u00eds.<\/p>\n<p>A sua adapta\u00e7\u00e3o ao nosso futebol n\u00e3o foi imediata, mas ainda assim n\u00e3o tardou muito e tornar-se um dos grandes protagonistas da equipa, fosse a defesa-central (a sua posi\u00e7\u00e3o de origem) ou a trinco, onde disfar\u00e7ava melhor a sua falta de velocidade.<\/p>\n<p>Nessa 1\u00aa temporada no Sporting foi o 2\u00ba futebolista mais utilizado (s\u00f3 Cadete jogou mais) com 40 presen\u00e7as e 4 golos, o 1\u00ba dos quais a 20 de Dezembro de 1992 num Sporting-Belenenses (3-0) para o Campeonato. Estreara-se oficialmente logo no 1\u00ba jogo da \u00e9poca (a 22 de Agosto), numa rece\u00e7\u00e3o ao Tirsense (0-0) para a 1\u00aa jornada.<\/p>\n<p>Numa fase (ainda) inicial da \u00e9poca seguinte Robson foi subsitu\u00eddo por Queiroz, que apostou no holand\u00eas mais como defesa-central (para a posi\u00e7\u00e3o 6 havia Paulo Sousa), onde fez dupla com Vujacic. \u201cEstrela\u201d da defesa sportinguista, realizou 42 partidas. No final da \u00e9poca foi ao Mundial pela sua Sele\u00e7\u00e3o.<\/p>\n<p>As chegadas de Naybet e Marco Aur\u00e9lio e uma rela\u00e7\u00e3o nem sempre f\u00e1cil com o presidente Sousa Cintra (por ter elogiado Robson ap\u00f3s o despedimento do ingl\u00eas na \u00e9poca anterior), fizeram-no abandonar o clube na parte inicial da temporada 1994\/95, regressando ao PSV. Alinhou pela \u00faltima vez a 1 de Outubro de 1994 num triunfo na Maia frente ao Salgueiros por 3-2.<\/p>\n<p>Assim, esteve um total de 3 temporadas no Sporting tendo alinhado em 90 jogos oficiais e marcado 6 golos. Ganhou uma Ta\u00e7a de Portugal. Deixou uma aura de profissionalismo e classe em Alvalade. Era um jogador com \u00f3timo sentido t\u00e1tico e posicional e detentor dum excelente remate de meia dist\u00e2ncia. Para al\u00e9m disso era forte na marca\u00e7\u00e3o e tinha muita qualidade com a bola nos p\u00e9s.<\/p>\n<p>De regresso ao PSV voltou a ganhar v\u00e1rios t\u00edtulos e l\u00e1 terminou a carreira em 2000 tornando-se diretor-t\u00e9cnico do clube. Em 2009 aventurou-se na China, onde ao servi\u00e7o do Shangai Shenhua exerceu as mesmas fun\u00e7\u00f5es. No ano seguinte esteve no Wisla Crac\u00f3via e depois passou a trabalhar no departamento de prospe\u00e7\u00e3o do VV Venlo.<\/p>\n<p>Foi 20 vezes internacional A pela Holanda e ganhou o Pr\u00e9mio Stromp em 1993 na categoria \u201cFutebolista\u201d.<\/p>\n<div class=\"tweetthis\" style=\"text-align:left;\"><p> <a target=\"_blank\" rel=\"nofollow\" class=\"tt\" href=\"http:\/\/twitter.com\/home\/?status=Stan+Valckx+%E2%80%93+Bom+a+defender%2C+%C3%B3timo+a+sair+a+jogar+https%3A%2F%2Fis.gd%2Fki1c6k\" title=\"Post to Twitter\"><img decoding=\"async\" class=\"nothumb\" src=\"http:\/\/www.sportingcanal.com\/wp-content\/plugins\/tweet-this\/icons\/en\/twitter\/tt-twitter6.png\" alt=\"Post to Twitter\" \/><\/a><\/p><\/div>","protected":false},"excerpt":{"rendered":"<p>Stanislau Henricus Christina Valckx nasceu a 20 de Outubro de 1963 em Arcen \u2013 Holanda. Come\u00e7ou a destacar-se no VV Venlo que ajudou a subir e consolidar-se na 1\u00aa divis\u00e3o do seu pa\u00eds. N\u00e3o tardou a que o PSV o recrutasse, e pela equipa de Endhoven foi 3 vezes Campe\u00e3o e ganhou duas Ta\u00e7as de [&hellip;]<\/p>\n","protected":false},"author":1,"featured_media":7451,"comment_status":"open","ping_status":"open","sticky":false,"template":"","format":"standard","meta":{"_et_pb_use_builder":"","_et_pb_old_content":"","_et_gb_content_width":"","footnotes":""},"categories":[63],"tags":[65,8],"_links":{"self":[{"href":"https:\/\/www.sportingcanal.com\/index.php?rest_route=\/wp\/v2\/posts\/7450"}],"collection":[{"href":"https:\/\/www.sportingcanal.com\/index.php?rest_route=\/wp\/v2\/posts"}],"about":[{"href":"https:\/\/www.sportingcanal.com\/index.php?rest_route=\/wp\/v2\/types\/post"}],"author":[{"embeddable":true,"href":"https:\/\/www.sportingcanal.com\/index.php?rest_route=\/wp\/v2\/users\/1"}],"replies":[{"embeddable":true,"href":"https:\/\/www.sportingcanal.com\/index.php?rest_route=%2Fwp%2Fv2%2Fcomments&post=7450"}],"version-history":[{"count":23,"href":"https:\/\/www.sportingcanal.com\/index.php?rest_route=\/wp\/v2\/posts\/7450\/revisions"}],"predecessor-version":[{"id":39137,"href":"https:\/\/www.sportingcanal.com\/index.php?rest_route=\/wp\/v2\/posts\/7450\/revisions\/39137"}],"wp:featuredmedia":[{"embeddable":true,"href":"https:\/\/www.sportingcanal.com\/index.php?rest_route=\/wp\/v2\/media\/7451"}],"wp:attachment":[{"href":"https:\/\/www.sportingcanal.com\/index.php?rest_route=%2Fwp%2Fv2%2Fmedia&parent=7450"}],"wp:term":[{"taxonomy":"category","embeddable":true,"href":"https:\/\/www.sportingcanal.com\/index.php?rest_route=%2Fwp%2Fv2%2Fcategories&post=7450"},{"taxonomy":"post_tag","embeddable":true,"href":"https:\/\/www.sportingcanal.com\/index.php?rest_route=%2Fwp%2Fv2%2Ftags&post=7450"}],"curies":[{"name":"wp","href":"https:\/\/api.w.org\/{rel}","templated":true}]}}