{"id":7483,"date":"2025-10-21T08:30:08","date_gmt":"2025-10-21T07:30:08","guid":{"rendered":"http:\/\/www.sportingcanal.com\/?p=7483"},"modified":"2025-10-21T15:44:32","modified_gmt":"2025-10-21T14:44:32","slug":"4-2-ao-benfica-nas-laranjeiras-num-terreno-pantanoso","status":"publish","type":"post","link":"https:\/\/www.sportingcanal.com\/?p=7483","title":{"rendered":"1922 &#8211; 4-2 ao Benfica (nas Laranjeiras) num terreno pantanoso"},"content":{"rendered":"<p>22 de Outubro de 1922. Sob o comando de Augusto Sabbo, o Sporting era o atual detentor do Campeonato Regional de Lisboa. Nesse dia, no in\u00edcio de mais um Regional, Sporting e Benfica encontraram-se nas Laranjeiras (campo dos encarnados).<\/p>\n<p>A chuva caiu incessantemente todo o dia o que prejudicou a ades\u00e3o de p\u00fablico e o pr\u00f3prio espet\u00e1culo, que chegou a estar em risco, mas que sempre se disputou por decis\u00e3o do \u00e1rbitro Rosmaninho. O Sporting alinhou com: Amadeu Cruz; Joaquim Ferreira e Jorge Vieira; Francisco Stromp, Filipe dos Santos e Henrique Portela; Torres Pereira, Jaime Gon\u00e7alves, Jo\u00e3o Francisco, Em\u00edlio Ramos e Jos\u00e9 Leandro.<\/p>\n<p>Devido ao mau tempo, e convencida que a partida n\u00e3o se iria realizar, a for\u00e7a p\u00fablica tinha-se retirado e muita gente invadiu o campo sem bilhete&#8230; Mais tarde l\u00e1 chegou uma for\u00e7a de cavalaria da Guarda Nacional Republicana, gerou-se uma confus\u00e3o enorme, muito barulho e \u201carrufos\u201d \u00e0 mistura, mas l\u00e1 se conseguiu criar condi\u00e7\u00f5es para que a partida se disputasse.<\/p>\n<p>O Sporting entrou com muita garra conseguindo colocar-se rapidamente com 2 golos de vantagem (por Em\u00edlio Ramos e um benfiquista na pr\u00f3pria baliza). O Benfica reagiu e reduziu, mas todos os jogadores mostravam grande dificuldade em se mover perante semelhante estado do terreno. A partida ficou muito renhida, com a bola nos dois meios-campos, e acabou por ser o Sporting a aumentar para 3-1 numa \u00f3tima jogada de ataque conclu\u00edda por Torres Pereira. Antes do intervalo, na recarga a uma defesa incompleta de Amadeu, os vermelhos voltaram a encurtar dist\u00e2ncias, chegando-se ao descanso com um escasso 3-2.<\/p>\n<p>Na 2\u00aa parte destacou-se enormemente o trio central do ataque sportinguista que produziu lances cont\u00ednuos de perigo. O Benfica ainda conseguiu algumas jogadas de bom recorte, mas foi com naturalidade que Jo\u00e3o Francisco apontou o definitivo 4-2 j\u00e1 no \u00faltimo quarto-de-hora de jogo.<\/p>\n<p>De lamentar foram os insultos constantes de boa parte do p\u00fablico aos jogadores leoninos &#8211; sobretudo a Joaquim Ferreira, numa partida que terminou com um resultado l\u00f3gico.<\/p>\n<p>Foto (arquivo): Jo\u00e3o Francisco, um dos melhores do Sporting neste vit\u00f3ria perante o Benfica.<\/p>\n<div class=\"tweetthis\" style=\"text-align:left;\"><p> <a target=\"_blank\" rel=\"nofollow\" class=\"tt\" href=\"http:\/\/twitter.com\/home\/?status=1922+%E2%80%93+4-2+ao+Benfica+%28nas+Laranjeiras%29+num+terreno+pantanoso+https%3A%2F%2Fis.gd%2F6T0aW1\" title=\"Post to Twitter\"><img decoding=\"async\" class=\"nothumb\" src=\"http:\/\/www.sportingcanal.com\/wp-content\/plugins\/tweet-this\/icons\/en\/twitter\/tt-twitter6.png\" alt=\"Post to Twitter\" \/><\/a><\/p><\/div>","protected":false},"excerpt":{"rendered":"<p>22 de Outubro de 1922. Sob o comando de Augusto Sabbo, o Sporting era o atual detentor do Campeonato Regional de Lisboa. Nesse dia, no in\u00edcio de mais um Regional, Sporting e Benfica encontraram-se nas Laranjeiras (campo dos encarnados). A chuva caiu incessantemente todo o dia o que prejudicou a ades\u00e3o de p\u00fablico e o [&hellip;]<\/p>\n","protected":false},"author":1,"featured_media":7484,"comment_status":"open","ping_status":"open","sticky":false,"template":"","format":"standard","meta":{"_et_pb_use_builder":"","_et_pb_old_content":"","_et_gb_content_width":"","footnotes":""},"categories":[4],"tags":[28,8,69],"_links":{"self":[{"href":"https:\/\/www.sportingcanal.com\/index.php?rest_route=\/wp\/v2\/posts\/7483"}],"collection":[{"href":"https:\/\/www.sportingcanal.com\/index.php?rest_route=\/wp\/v2\/posts"}],"about":[{"href":"https:\/\/www.sportingcanal.com\/index.php?rest_route=\/wp\/v2\/types\/post"}],"author":[{"embeddable":true,"href":"https:\/\/www.sportingcanal.com\/index.php?rest_route=\/wp\/v2\/users\/1"}],"replies":[{"embeddable":true,"href":"https:\/\/www.sportingcanal.com\/index.php?rest_route=%2Fwp%2Fv2%2Fcomments&post=7483"}],"version-history":[{"count":21,"href":"https:\/\/www.sportingcanal.com\/index.php?rest_route=\/wp\/v2\/posts\/7483\/revisions"}],"predecessor-version":[{"id":39144,"href":"https:\/\/www.sportingcanal.com\/index.php?rest_route=\/wp\/v2\/posts\/7483\/revisions\/39144"}],"wp:featuredmedia":[{"embeddable":true,"href":"https:\/\/www.sportingcanal.com\/index.php?rest_route=\/wp\/v2\/media\/7484"}],"wp:attachment":[{"href":"https:\/\/www.sportingcanal.com\/index.php?rest_route=%2Fwp%2Fv2%2Fmedia&parent=7483"}],"wp:term":[{"taxonomy":"category","embeddable":true,"href":"https:\/\/www.sportingcanal.com\/index.php?rest_route=%2Fwp%2Fv2%2Fcategories&post=7483"},{"taxonomy":"post_tag","embeddable":true,"href":"https:\/\/www.sportingcanal.com\/index.php?rest_route=%2Fwp%2Fv2%2Ftags&post=7483"}],"curies":[{"name":"wp","href":"https:\/\/api.w.org\/{rel}","templated":true}]}}