{"id":7543,"date":"2025-10-25T08:00:08","date_gmt":"2025-10-25T07:00:08","guid":{"rendered":"http:\/\/www.sportingcanal.com\/?p=7543"},"modified":"2025-10-25T20:08:05","modified_gmt":"2025-10-25T19:08:05","slug":"jose-pires-ponta-esquerda-rapido-e-concretizador","status":"publish","type":"post","link":"https:\/\/www.sportingcanal.com\/?p=7543","title":{"rendered":"Jos\u00e9 Pires \u2013 Ponta-esquerda r\u00e1pido e concretizador"},"content":{"rendered":"<p>Nasceu a 25 de Outubro de 1960 em Almada. Era ainda um adolescente quando se iniciou no Andebol no clube da sua terra, onde se manteve at\u00e9 aos 20 anos, sempre a dar nas vistas.<\/p>\n<p>Chegou ao Sporting no Ver\u00e3o de 1981. Na sua 1\u00aa \u00e9poca no clube, apesar de bem no plano individual, n\u00e3o conquistou t\u00edtulos, mas a 11 de Junho de 1983 foi important\u00edssimo no triunfo na Ta\u00e7a de Portugal ao marcar 10 golos na vit\u00f3ria por 36-21 sobre o Encarna\u00e7\u00e3o (o seu 1\u00ba grande t\u00edtulo em Alvalade).\u00a0 Quase 1 ano depois, a 6 de Maio de 1984, sagrou-se finalmente Campe\u00e3o Nacional de verde e branco, e no jogo decisivo perante o FC Porto (29-23) apontou 4 golos.<\/p>\n<p>Em 1984 acumulou a fun\u00e7\u00e3o de jogador do Sporting com a de treinador da equipa feminina do Almada, e ap\u00f3s uma temporada de 1985 \u201cem branco\u201d, voltou a sagrar-se campe\u00e3o a 26 de Abril de 1986 numa final\u00edssima a 2 jogos com o Belenenses em que marcou 8 golos. Ap\u00f3s este momento de gl\u00f3ria saiu (um tanto surpreendentemente para o Porto), mas pelas Antas (onde n\u00e3o ganhou t\u00edtulos) ficou apenas 1 ano, regressando prontamente ao Sporting.<\/p>\n<p>Em mais duas \u00e9pocas de verde e branco ganhou duas Ta\u00e7as de Portugal consecutivas &#8211; em 1988 frente ao Belenenses (29-20) &#8211; marcou 4 golos, e em 1989 (num jogo eletrizante) perante o Benfica (22-18) \u2013 onde realizou uma excelente exibi\u00e7\u00e3o. No final da temporada voltou a sair por 1 ano, agora para o Vit\u00f3ria de Set\u00fabal.<\/p>\n<p>O seu 3\u00ba per\u00edodo como andebolista do Sporting iniciou-se em 1990. Permaneceu mais 3 temporadas como le\u00e3o mas desta vez sem t\u00edtulos. Assim, esteve um total de 11 \u00e9pocas como jogador do Sporting, tendo conquistado 2 Campeonatos Nacionais e 4 Ta\u00e7as de Portugal. Ao servi\u00e7o dos le\u00f5es bateu um recorde que se mant\u00e9m \u2013 18 golos numa s\u00f3 partida (frente ao Belenenses).<\/p>\n<p>Foi um dos melhores andebolistas portugueses de sempre na posi\u00e7\u00e3o de ponta-esquerda. Era r\u00e1pido e imprevis\u00edvel, tendo sido 82 vezes internacional com 244 golos marcados. Depois de sair definitivamente do Sporting ainda jogou 4 \u00e9pocas no Gin\u00e1sio do Sul, terminando a carreira no Almada, onde se iniciou como treinador.<\/p>\n<div class=\"tweetthis\" style=\"text-align:left;\"><p> <a target=\"_blank\" rel=\"nofollow\" class=\"tt\" href=\"http:\/\/twitter.com\/home\/?status=Jos%C3%A9+Pires+%E2%80%93+Ponta-esquerda+r%C3%A1pido+e+concretizador+https%3A%2F%2Fis.gd%2FiJrcJs\" title=\"Post to Twitter\"><img decoding=\"async\" class=\"nothumb\" src=\"http:\/\/www.sportingcanal.com\/wp-content\/plugins\/tweet-this\/icons\/en\/twitter\/tt-twitter6.png\" alt=\"Post to Twitter\" \/><\/a><\/p><\/div>","protected":false},"excerpt":{"rendered":"<p>Nasceu a 25 de Outubro de 1960 em Almada. Era ainda um adolescente quando se iniciou no Andebol no clube da sua terra, onde se manteve at\u00e9 aos 20 anos, sempre a dar nas vistas. Chegou ao Sporting no Ver\u00e3o de 1981. Na sua 1\u00aa \u00e9poca no clube, apesar de bem no plano individual, n\u00e3o [&hellip;]<\/p>\n","protected":false},"author":1,"featured_media":7544,"comment_status":"open","ping_status":"open","sticky":false,"template":"","format":"standard","meta":{"_et_pb_use_builder":"","_et_pb_old_content":"","_et_gb_content_width":"","footnotes":""},"categories":[63],"tags":[19],"_links":{"self":[{"href":"https:\/\/www.sportingcanal.com\/index.php?rest_route=\/wp\/v2\/posts\/7543"}],"collection":[{"href":"https:\/\/www.sportingcanal.com\/index.php?rest_route=\/wp\/v2\/posts"}],"about":[{"href":"https:\/\/www.sportingcanal.com\/index.php?rest_route=\/wp\/v2\/types\/post"}],"author":[{"embeddable":true,"href":"https:\/\/www.sportingcanal.com\/index.php?rest_route=\/wp\/v2\/users\/1"}],"replies":[{"embeddable":true,"href":"https:\/\/www.sportingcanal.com\/index.php?rest_route=%2Fwp%2Fv2%2Fcomments&post=7543"}],"version-history":[{"count":23,"href":"https:\/\/www.sportingcanal.com\/index.php?rest_route=\/wp\/v2\/posts\/7543\/revisions"}],"predecessor-version":[{"id":39166,"href":"https:\/\/www.sportingcanal.com\/index.php?rest_route=\/wp\/v2\/posts\/7543\/revisions\/39166"}],"wp:featuredmedia":[{"embeddable":true,"href":"https:\/\/www.sportingcanal.com\/index.php?rest_route=\/wp\/v2\/media\/7544"}],"wp:attachment":[{"href":"https:\/\/www.sportingcanal.com\/index.php?rest_route=%2Fwp%2Fv2%2Fmedia&parent=7543"}],"wp:term":[{"taxonomy":"category","embeddable":true,"href":"https:\/\/www.sportingcanal.com\/index.php?rest_route=%2Fwp%2Fv2%2Fcategories&post=7543"},{"taxonomy":"post_tag","embeddable":true,"href":"https:\/\/www.sportingcanal.com\/index.php?rest_route=%2Fwp%2Fv2%2Ftags&post=7543"}],"curies":[{"name":"wp","href":"https:\/\/api.w.org\/{rel}","templated":true}]}}