{"id":7563,"date":"2025-10-28T08:00:46","date_gmt":"2025-10-28T07:00:46","guid":{"rendered":"http:\/\/www.sportingcanal.com\/?p=7563"},"modified":"2025-10-28T11:35:56","modified_gmt":"2025-10-28T10:35:56","slug":"pedro-polainas-ciclista-versatil-e-polivalente","status":"publish","type":"post","link":"https:\/\/www.sportingcanal.com\/?p=7563","title":{"rendered":"Pedro Polainas \u2013 Ciclista vers\u00e1til e polivalente"},"content":{"rendered":"<p>Pedro Ant\u00f3nio Cerejo Polainas nasceu a 28 de Outubro de 1931 em S. Louren\u00e7o &#8211; Portalegre. Chegou ao Sporting em finais de 1949 atrav\u00e9s de In\u00e1cio Bardalino (que tamb\u00e9m levou Jo\u00e3o Roque para Alvalade), e, ainda como amador, teve o seu 1\u00ba triunfo na Rampa do Vale de St\u00ba Ant\u00f3nio.<\/p>\n<p>Em 1951 foi Campe\u00e3o Regional de fundo de Amadores seniores. No m\u00eas de Outubro do mesmo ano foi Campe\u00e3o Nacional de Amadores em velocidade.\u00a0No ano seguinte, em Fevereiro, foi Campe\u00e3o Regional de corta-mato ciclo-pedestre em Amadores seniores. 2 meses depois repetiu o t\u00edtulo da \u00e9poca anterior no Regional de fundo, para pouco mais tarde repetir tamb\u00e9m o t\u00edtulo nacional de velocidade no seu escal\u00e3o. Entretanto venceu algumas \u201ccl\u00e1ssicas\u201d como o Circuito de Moscavide ou Circuito de Lourel.<\/p>\n<p>Em 1953 voltou aos triunfos na Rampa do Vale de St\u00ba Ant\u00f3nio, mas seria quase 2 anos depois, a 16 de Julho de 1955, que conquistaria a sua vit\u00f3ria mais medi\u00e1tica, ao sagrar-se Campe\u00e3o Nacional de fundo depois de ser o melhor num sprint fant\u00e1stico quando ia integrado num grupo de 7 fugitivos. Em Novembro foi Campe\u00e3o Regional de velocidade.<\/p>\n<p>No m\u00eas de Setembro de 1957 fez parte da equipa leonina (a par de Am\u00e9rico Raposo e Manuel Gra\u00e7a) que se sagrou Campe\u00e3 Nacional de fundo. No ano seguinte venceu a Volta a Lisboa (uma prova com extraordin\u00e1ria ades\u00e3o popular e na qual o Sporting tamb\u00e9m triunfou coletivamente) e o Circuito da Malveira.<\/p>\n<p>Em Fevereiro de 1959 foi o melhor na Prova de Abertura naquele que foi o seu \u00faltimo triunfo de verde e branco, pois acabaria por sair em lit\u00edgio com o clube para o FC Porto. Em 1961 ainda voltou a Alvalade mas permaneceu apenas 4 meses e terminou a carreira.<\/p>\n<p>Correu 5 Voltas a Portugal, nas quais ganhou 12 etapas. Na classifica\u00e7\u00e3o geral o melhor que conseguiu foi um 8\u00ba e um 9\u00ba lugares.<\/p>\n<p>Mais tarde fez com Alves Barbosa, Camilo de Oliveira (e outros) parte do elenco do filme \u201cO Homem do Dia\u201d.<\/p>\n<p>Foi homenageado pelo N\u00facleo Sportinguista de Torres Vedras, tendo-lhe sido atribu\u00eddo o \u201cTrof\u00e9u Agostinho\u201d.<\/p>\n<div class=\"tweetthis\" style=\"text-align:left;\"><p> <a target=\"_blank\" rel=\"nofollow\" class=\"tt\" href=\"http:\/\/twitter.com\/home\/?status=Pedro+Polainas+%E2%80%93+Ciclista+vers%C3%A1til+e+polivalente+https%3A%2F%2Fis.gd%2FFxVr89\" title=\"Post to Twitter\"><img decoding=\"async\" class=\"nothumb\" src=\"http:\/\/www.sportingcanal.com\/wp-content\/plugins\/tweet-this\/icons\/en\/twitter\/tt-twitter6.png\" alt=\"Post to Twitter\" \/><\/a><\/p><\/div>","protected":false},"excerpt":{"rendered":"<p>Pedro Ant\u00f3nio Cerejo Polainas nasceu a 28 de Outubro de 1931 em S. Louren\u00e7o &#8211; Portalegre. Chegou ao Sporting em finais de 1949 atrav\u00e9s de In\u00e1cio Bardalino (que tamb\u00e9m levou Jo\u00e3o Roque para Alvalade), e, ainda como amador, teve o seu 1\u00ba triunfo na Rampa do Vale de St\u00ba Ant\u00f3nio. Em 1951 foi Campe\u00e3o Regional [&hellip;]<\/p>\n","protected":false},"author":1,"featured_media":7564,"comment_status":"open","ping_status":"open","sticky":false,"template":"","format":"standard","meta":{"_et_pb_use_builder":"","_et_pb_old_content":"","_et_gb_content_width":"","footnotes":""},"categories":[63],"tags":[29],"_links":{"self":[{"href":"https:\/\/www.sportingcanal.com\/index.php?rest_route=\/wp\/v2\/posts\/7563"}],"collection":[{"href":"https:\/\/www.sportingcanal.com\/index.php?rest_route=\/wp\/v2\/posts"}],"about":[{"href":"https:\/\/www.sportingcanal.com\/index.php?rest_route=\/wp\/v2\/types\/post"}],"author":[{"embeddable":true,"href":"https:\/\/www.sportingcanal.com\/index.php?rest_route=\/wp\/v2\/users\/1"}],"replies":[{"embeddable":true,"href":"https:\/\/www.sportingcanal.com\/index.php?rest_route=%2Fwp%2Fv2%2Fcomments&post=7563"}],"version-history":[{"count":20,"href":"https:\/\/www.sportingcanal.com\/index.php?rest_route=\/wp\/v2\/posts\/7563\/revisions"}],"predecessor-version":[{"id":39179,"href":"https:\/\/www.sportingcanal.com\/index.php?rest_route=\/wp\/v2\/posts\/7563\/revisions\/39179"}],"wp:featuredmedia":[{"embeddable":true,"href":"https:\/\/www.sportingcanal.com\/index.php?rest_route=\/wp\/v2\/media\/7564"}],"wp:attachment":[{"href":"https:\/\/www.sportingcanal.com\/index.php?rest_route=%2Fwp%2Fv2%2Fmedia&parent=7563"}],"wp:term":[{"taxonomy":"category","embeddable":true,"href":"https:\/\/www.sportingcanal.com\/index.php?rest_route=%2Fwp%2Fv2%2Fcategories&post=7563"},{"taxonomy":"post_tag","embeddable":true,"href":"https:\/\/www.sportingcanal.com\/index.php?rest_route=%2Fwp%2Fv2%2Ftags&post=7563"}],"curies":[{"name":"wp","href":"https:\/\/api.w.org\/{rel}","templated":true}]}}