{"id":7607,"date":"2025-11-02T09:00:05","date_gmt":"2025-11-02T08:00:05","guid":{"rendered":"http:\/\/www.sportingcanal.com\/?p=7607"},"modified":"2025-11-02T21:05:51","modified_gmt":"2025-11-02T20:05:51","slug":"mario-galvao-defensor-com-talento-para-as-bolas-paradas","status":"publish","type":"post","link":"https:\/\/www.sportingcanal.com\/?p=7607","title":{"rendered":"M\u00e1rio Galv\u00e3o \u2013 Defesa com talento para as bolas paradas"},"content":{"rendered":"<p>M\u00e1rio das Neves Galv\u00e3o nasceu a 2 de Novembro de 1916 em Coimbra. Chegou ao Sporting no defeso de 1935, estreando-se oficialmente a 24 de Novembro (com o treinador Wilhelm Possak) num triunfo frente ao Uni\u00e3o Lisboa por 6-0 em jogo a contar para o Campeonato Regional. Na ocasi\u00e3o marcou tamb\u00e9m o seu 1\u00ba golo de verde e branco.<\/p>\n<p>Nessa 1\u00aa temporada alinhou na esquerda do ataque (como alternativa a Francisco Lopes), realizando 13 jogos e marcando 2 golos. Contribuiu para os triunfos no Campeonato de Portugal e no Regional de Lisboa.<\/p>\n<p>Na temporada seguinte Possak \u201cpuxou-o\u201d para a defesa, e seria no lado esquerdo do setor defensivo que mais se veio a notabilizar. Habitualmente ao lado de Jurado, fez 19 jogos e conquistou mais um Regional lisboeta.<\/p>\n<p>Em 1937\/38, sob o comando de Jozef Szabo, realizou uma excelente temporada (de novo fazendo parelha defensiva com Jurado). A n\u00edvel coletivo as coisas tamb\u00e9m correram \u201csobre rodas\u201d com a conquista do Campeonato de Portugal (pela 4\u00aa vez) e do penta-Campeonato lisboeta.<\/p>\n<p>Na \u00e9poca seguinte os le\u00f5es foram hexa-Campe\u00f5es Regionais (um recorde) e M\u00e1rio Galv\u00e3o voltou a destacar-se. No entanto, a temporada ficou manchada para o defesa leonino pelo facto de se ter recusado a defrontar a Acad\u00e9mica nas meias-finais da Ta\u00e7a de Portugal. O caso n\u00e3o foi bem esclarecido e as raz\u00f5es do jovem futebolista n\u00e3o foram claramente conhecidas. A verdade \u00e9 que o castigo da dire\u00e7\u00e3o do Sporting foi exemplar &#8211; suspens\u00e3o pura e simples de toda a atividade desportiva no Sporting, com a agravante do clube impedir a sua utiliza\u00e7\u00e3o em qualquer outra equipa!<\/p>\n<p>Quem pensou que este epis\u00f3dio marcaria o final da rela\u00e7\u00e3o de M\u00e1rio Galv\u00e3o com o Sporting enganou-se pois na \u00e9poca seguinte foi v\u00ea-lo de novo (agora como defesa-direito e ao lado de \u00c1lvaro Cardoso) a jogar com grande regularidade. Essa sua \u00faltima temporada de \u201cle\u00e3o ao peito\u201d, na qual realizou 30 jogos, ficou tamb\u00e9m marcada por se ter revelado como excelente marcador de bolas paradas, o que lhe valeu 7 golos ao longo da \u00e9poca (com a particularidade de ter marcado aos outros 3 grandes \u2013 Benfica, Porto e Belenenses).<\/p>\n<p>A 2 de Junho de 1940 realizou o seu \u00faltimo jogo de verde e branco, num triunfo em casa por 9-0 frente ao Farense a contar para os oitavos-de-final da Ta\u00e7a de Portugal.<\/p>\n<p>Assim, totalizou 5 \u00e9pocas de liga\u00e7\u00e3o ao Sporting, tendo realizado 118 jogos oficiais e marcado 10 golos. Ganhou 2 Campeonatos de Portugal e 4 Campeonatos Regionais de Lisboa. \u00a0Depois jogou (tamb\u00e9m com sucesso) no Benfica, onde se sagrou por mais duas vezes Campe\u00e3o Nacional. Foi uma vez internacional A por Portugal na altura em que jogava no Sporting (1938).<\/p>\n<p>Mais tarde foi treinador, chegando a orientar Matateu no 1\u00ba de Maio de Mo\u00e7ambique.<\/p>\n<div class=\"tweetthis\" style=\"text-align:left;\"><p> <a target=\"_blank\" rel=\"nofollow\" class=\"tt\" href=\"http:\/\/twitter.com\/home\/?status=M%C3%A1rio+Galv%C3%A3o+%E2%80%93+Defesa+com+talento+para+as+bolas+paradas+https%3A%2F%2Fis.gd%2Fys5vKC\" title=\"Post to Twitter\"><img decoding=\"async\" class=\"nothumb\" src=\"http:\/\/www.sportingcanal.com\/wp-content\/plugins\/tweet-this\/icons\/en\/twitter\/tt-twitter6.png\" alt=\"Post to Twitter\" \/><\/a><\/p><\/div>","protected":false},"excerpt":{"rendered":"<p>M\u00e1rio das Neves Galv\u00e3o nasceu a 2 de Novembro de 1916 em Coimbra. Chegou ao Sporting no defeso de 1935, estreando-se oficialmente a 24 de Novembro (com o treinador Wilhelm Possak) num triunfo frente ao Uni\u00e3o Lisboa por 6-0 em jogo a contar para o Campeonato Regional. Na ocasi\u00e3o marcou tamb\u00e9m o seu 1\u00ba golo [&hellip;]<\/p>\n","protected":false},"author":1,"featured_media":3432,"comment_status":"open","ping_status":"open","sticky":false,"template":"","format":"standard","meta":{"_et_pb_use_builder":"","_et_pb_old_content":"","_et_gb_content_width":"","footnotes":""},"categories":[63],"tags":[65,8],"_links":{"self":[{"href":"https:\/\/www.sportingcanal.com\/index.php?rest_route=\/wp\/v2\/posts\/7607"}],"collection":[{"href":"https:\/\/www.sportingcanal.com\/index.php?rest_route=\/wp\/v2\/posts"}],"about":[{"href":"https:\/\/www.sportingcanal.com\/index.php?rest_route=\/wp\/v2\/types\/post"}],"author":[{"embeddable":true,"href":"https:\/\/www.sportingcanal.com\/index.php?rest_route=\/wp\/v2\/users\/1"}],"replies":[{"embeddable":true,"href":"https:\/\/www.sportingcanal.com\/index.php?rest_route=%2Fwp%2Fv2%2Fcomments&post=7607"}],"version-history":[{"count":22,"href":"https:\/\/www.sportingcanal.com\/index.php?rest_route=\/wp\/v2\/posts\/7607\/revisions"}],"predecessor-version":[{"id":39195,"href":"https:\/\/www.sportingcanal.com\/index.php?rest_route=\/wp\/v2\/posts\/7607\/revisions\/39195"}],"wp:featuredmedia":[{"embeddable":true,"href":"https:\/\/www.sportingcanal.com\/index.php?rest_route=\/wp\/v2\/media\/3432"}],"wp:attachment":[{"href":"https:\/\/www.sportingcanal.com\/index.php?rest_route=%2Fwp%2Fv2%2Fmedia&parent=7607"}],"wp:term":[{"taxonomy":"category","embeddable":true,"href":"https:\/\/www.sportingcanal.com\/index.php?rest_route=%2Fwp%2Fv2%2Fcategories&post=7607"},{"taxonomy":"post_tag","embeddable":true,"href":"https:\/\/www.sportingcanal.com\/index.php?rest_route=%2Fwp%2Fv2%2Ftags&post=7607"}],"curies":[{"name":"wp","href":"https:\/\/api.w.org\/{rel}","templated":true}]}}