{"id":7612,"date":"2025-11-02T09:00:53","date_gmt":"2025-11-02T08:00:53","guid":{"rendered":"http:\/\/www.sportingcanal.com\/?p=7612"},"modified":"2025-11-02T21:05:56","modified_gmt":"2025-11-02T20:05:56","slug":"octavio-de-sa-um-mocambicano-na-baliza-do-sporting","status":"publish","type":"post","link":"https:\/\/www.sportingcanal.com\/?p=7612","title":{"rendered":"Oct\u00e1vio de S\u00e1 \u2013 Um mo\u00e7ambicano na baliza do Sporting"},"content":{"rendered":"<p>Oct\u00e1vio Augusto C\u00e9sar de S\u00e1 nasceu a 2 de Novembro de 1935 em Louren\u00e7o Marques \u2013 Mo\u00e7ambique. Chegou ao Sporting (para os juniores) em 1953, e no Ver\u00e3o de 1956 foi promovido ao plantel principal para ser alternativa a Carlos Gomes. Sob o comando de Abel Picab\u00eaa fez apenas 1 jogo, a 16 de Setembro, num empate no terreno do Benfica a uma bola. Na temporada seguinte Carlos Gomes manteve-se em grande evid\u00eancia pelo que Oct\u00e1vio de S\u00e1 jogou somente 4 vezes. No final da \u00e9poca p\u00f4de festejar o t\u00edtulo de Campe\u00e3o Nacional &#8211; a sua grande conquista de verde e branco.<\/p>\n<p>No defeso de 1958 Carlos Gomes saiu para Espanha e Oct\u00e1vio de S\u00e1 (apesar da chegada de Carvalho e Alves Pereira para a baliza) viu finalmente chegar a sua hora. Habitualmente titular na equipa de Enrique Fern\u00e1ndez (primeiro) e Mario Imbelloni (depois), realizou 35 partidas.<\/p>\n<p>1959\/60 foi a sua \u00faltima temporada como jogador do Sporting. Apesar de ser muito utilizado (35 presen\u00e7as) ficou &#8220;marcado&#8221; por uma exibi\u00e7\u00e3o infeliz no jogo que decidiu o t\u00edtulo (derrota por 4-3 com o Benfica). Ainda assim continuou a jogar regularmente, e f\u00ea-lo pela \u00faltima vez a 3 de Julho de 1960 no derradeiro jogo oficial da \u00e9poca (derrota na final da Ta\u00e7a de Portugal perante o Belenenses por 2-1).<\/p>\n<p>Assim, totalizou 4 \u00e9pocas, 76 jogos oficiais e 79 golos sofridos de verde e branco. Ganhou 1 Campeonato Nacional. Deixou a imagem dum guarda-redes de bom recursos, corajoso, que soube esperar pela sua oportunidade mas que nunca chegou a marcar uma era em Alvalade.<\/p>\n<p>Ap\u00f3s a sua sa\u00edda do Sporting voltou ao pa\u00eds natal onde se notabilizou ao servi\u00e7o da Sele\u00e7\u00e3o. Mais tarde ainda alinhou na \u00c1frica do Sul.<\/p>\n<p>Morreu em 1990, deixando um filho (Roger de S\u00e1) que lhe seguiu as pisadas e que fez carreira na \u00c1frica do Sul (chegando a internacional desse pa\u00eds). Mais tarde Roger chegou a fazer parte (como treinador da guarda-redes) da equipa t\u00e9cnica de Carlos Queiroz quando o portugu\u00eas esteve \u00e0 frente da Sele\u00e7\u00e3o sul-africana.<\/p>\n<div class=\"tweetthis\" style=\"text-align:left;\"><p> <a target=\"_blank\" rel=\"nofollow\" class=\"tt\" href=\"http:\/\/twitter.com\/home\/?status=Oct%C3%A1vio+de+S%C3%A1+%E2%80%93+Um+mo%C3%A7ambicano+na+baliza+do+Sporting+https%3A%2F%2Fis.gd%2F6zSqN5\" title=\"Post to Twitter\"><img decoding=\"async\" class=\"nothumb\" src=\"http:\/\/www.sportingcanal.com\/wp-content\/plugins\/tweet-this\/icons\/en\/twitter\/tt-twitter6.png\" alt=\"Post to Twitter\" \/><\/a><\/p><\/div>","protected":false},"excerpt":{"rendered":"<p>Oct\u00e1vio Augusto C\u00e9sar de S\u00e1 nasceu a 2 de Novembro de 1935 em Louren\u00e7o Marques \u2013 Mo\u00e7ambique. Chegou ao Sporting (para os juniores) em 1953, e no Ver\u00e3o de 1956 foi promovido ao plantel principal para ser alternativa a Carlos Gomes. Sob o comando de Abel Picab\u00eaa fez apenas 1 jogo, a 16 de Setembro, [&hellip;]<\/p>\n","protected":false},"author":1,"featured_media":7614,"comment_status":"open","ping_status":"open","sticky":false,"template":"","format":"standard","meta":{"_et_pb_use_builder":"","_et_pb_old_content":"","_et_gb_content_width":"","footnotes":""},"categories":[63],"tags":[8,52],"_links":{"self":[{"href":"https:\/\/www.sportingcanal.com\/index.php?rest_route=\/wp\/v2\/posts\/7612"}],"collection":[{"href":"https:\/\/www.sportingcanal.com\/index.php?rest_route=\/wp\/v2\/posts"}],"about":[{"href":"https:\/\/www.sportingcanal.com\/index.php?rest_route=\/wp\/v2\/types\/post"}],"author":[{"embeddable":true,"href":"https:\/\/www.sportingcanal.com\/index.php?rest_route=\/wp\/v2\/users\/1"}],"replies":[{"embeddable":true,"href":"https:\/\/www.sportingcanal.com\/index.php?rest_route=%2Fwp%2Fv2%2Fcomments&post=7612"}],"version-history":[{"count":23,"href":"https:\/\/www.sportingcanal.com\/index.php?rest_route=\/wp\/v2\/posts\/7612\/revisions"}],"predecessor-version":[{"id":39196,"href":"https:\/\/www.sportingcanal.com\/index.php?rest_route=\/wp\/v2\/posts\/7612\/revisions\/39196"}],"wp:featuredmedia":[{"embeddable":true,"href":"https:\/\/www.sportingcanal.com\/index.php?rest_route=\/wp\/v2\/media\/7614"}],"wp:attachment":[{"href":"https:\/\/www.sportingcanal.com\/index.php?rest_route=%2Fwp%2Fv2%2Fmedia&parent=7612"}],"wp:term":[{"taxonomy":"category","embeddable":true,"href":"https:\/\/www.sportingcanal.com\/index.php?rest_route=%2Fwp%2Fv2%2Fcategories&post=7612"},{"taxonomy":"post_tag","embeddable":true,"href":"https:\/\/www.sportingcanal.com\/index.php?rest_route=%2Fwp%2Fv2%2Ftags&post=7612"}],"curies":[{"name":"wp","href":"https:\/\/api.w.org\/{rel}","templated":true}]}}