{"id":762,"date":"2025-08-15T11:00:09","date_gmt":"2025-08-15T10:00:09","guid":{"rendered":"http:\/\/www.sportingcanal.com\/?p=762"},"modified":"2025-08-16T13:30:35","modified_gmt":"2025-08-16T12:30:35","slug":"1965-supremacia-total-no-atletismo","status":"publish","type":"post","link":"https:\/\/www.sportingcanal.com\/?p=762","title":{"rendered":"1965 \u2013 Campe\u00f5es Nacionais de Atletismo pela 10\u00aa vez consecutiva!"},"content":{"rendered":"<p>15 de Agosto de 1965. Nesse dia o\u00a0Atletismo do Sporting sagrou-se Campe\u00e3o Nacional pela 10\u00aa vez consecutiva (17\u00aa no total). O Benfica deu boa r\u00e9plica (ficou a 9 pontos), mas os le\u00f5es estiveram irresist\u00edveis! os triunfos individuais:<\/p>\n<p>100m \u2013 Carvalho Santos \u2013 10,7s<br \/>\n400m \u2013 Jos\u00e9 Pina \u2013 49,4s<br \/>\n4X100m \u2013 Carlos Silva, M. F\u00e9lix, Pedro Matos e Neves da Silva \u2013 43,3s<br \/>\n800m \u2013 Valentim Baptista \u2013 1.53,9m<br \/>\n1.500m \u2013 Valentim Baptista \u2013 3.56,0m<br \/>\n5.000m \u2013 Manuel de Oliveira \u2013 14.46,0m<br \/>\n10.000m \u2013 Manuel de Oliveira \u2013 31.00,6m<br \/>\nAltura \u2013 J\u00falio Fernandes \u2013 1,80m<br \/>\nDisco \u2013 Manuel Goul\u00e3o \u2013 46,98m<br \/>\nMartelo \u2013 Carlos Sustelo \u2013 54,67m<br \/>\nTriplo-Salto \u2013 J\u00falio Fernandes \u2013 14,76m<\/p>\n<p>A temporada de 1965 foi mais uma grandiosa na Hist\u00f3ria da modalidade entre os le\u00f5es, e a conquista do 10\u00ba t\u00edtulo consecutivo foi apenas o ponto alto dum ano magn\u00edfico.<\/p>\n<p>Logo a 15 de Fevereiro os sportinguistas venceram pela 8\u00aa vez consecutiva o Corta-Mato dos Dez, com o triunfo individual de Manuel Oliveira, seguido por Armando Aldegalega.\u00a0Uma semana depois Manuel Oliveira e o Sporting venceram o Regional de Crosse, para depois os mesmos protagonistas alcan\u00e7arem o triunfo no Nacional da mesma especialidade (pela 19\u00aa vez) que decorreu nos terrenos anexos ao Est\u00e1dio da Luz num terreno dif\u00edcil e perante condi\u00e7\u00f5es meteorol\u00f3gicas muita agrestes.<\/p>\n<p>J\u00e1 na pista, o Sporting venceu o Torneio Primavera com pontua\u00e7\u00e3o recorde, a que se seguiu o 6\u00ba triunfo consecutivo na tradicional Ta\u00e7a Fernando Amado.\u00a0No setor feminino desta competi\u00e7\u00e3o Eul\u00e1lia Mendes bateu o recorde nacional dos 400 metros com 58,5s.<\/p>\n<p>A 20 de Junho as leoas sagraram-se Campe\u00e3s Regionais com 2 novos recordes de Portugal. Nos 80 metros barreiras L\u00eddia Faria fez 12,1s e no salto em comprimento Francelina Anacleto conseguiu 5m65cm.\u00a015 dias depois as sportinguistas juntaram ao Regional o Nacional (10\u00ba t\u00edtulo) com mais 2 m\u00e1ximos nacionais. L\u00eddia Faria nos 80 metros barreiras com 11,9s e Francelina Anacleto no salto em comprimento com 5m68cm. De salientar que nestes Nacionais L\u00eddia Faria obteve 4 t\u00edtulos e Francelina Anacleto 3.<\/p>\n<p>Nos homens tamb\u00e9m houve vit\u00f3rias categ\u00f3ricas nos Regionais (mais folgada) e nos Nacionais (a j\u00e1 referida). Homens como Pedro Matos, Carvalho Santos, Jos\u00e9 Pina, Valentim Baptista, Manuel Oliveira, Armando Aldegalega, Manuel Goul\u00e3o, Carlos Sustelo e J\u00falio Fernandes faziam com que o Sporting n\u00e3o tivesse rival em Portugal.<\/p>\n<p>J\u00e1 em Agosto, Tadeu de Freitas venceu o Decatlo Nacional e L\u00eddia Faria bateu o recorde nacional do Pentatlo com 3.752 pontos.\u00a0Em finais do ano, Armando Aldegalega e o Sporting venceram o prestigiado Grande Pr\u00e9mio do Natal, e para terminar em beleza, Manuel Oliveira e Armando Aldegalega (1\u00ba e 2\u00ba) fizeram Luanda vibrar com a sua presen\u00e7a na S\u00e3o Silvestre local.<\/p>\n<p>Foto: Manuel Oliveira e Eul\u00e1lia Mendes, 2 dos grandes atletas da Hist\u00f3ria do Sporting.<\/p>\n<div class=\"tweetthis\" style=\"text-align:left;\"><p> <a target=\"_blank\" rel=\"nofollow\" class=\"tt\" href=\"http:\/\/twitter.com\/home\/?status=1965+%E2%80%93+Campe%C3%B5es+Nacionais+de+Atletismo+pela+10%C2%AA+vez+consecutiva%21+https%3A%2F%2Fis.gd%2FwJtx4K\" title=\"Post to Twitter\"><img decoding=\"async\" class=\"nothumb\" src=\"http:\/\/www.sportingcanal.com\/wp-content\/plugins\/tweet-this\/icons\/en\/twitter\/tt-twitter6.png\" alt=\"Post to Twitter\" \/><\/a><\/p><\/div>","protected":false},"excerpt":{"rendered":"<p>15 de Agosto de 1965. Nesse dia o\u00a0Atletismo do Sporting sagrou-se Campe\u00e3o Nacional pela 10\u00aa vez consecutiva (17\u00aa no total). O Benfica deu boa r\u00e9plica (ficou a 9 pontos), mas os le\u00f5es estiveram irresist\u00edveis! os triunfos individuais: 100m \u2013 Carvalho Santos \u2013 10,7s 400m \u2013 Jos\u00e9 Pina \u2013 49,4s 4X100m \u2013 Carlos Silva, M. F\u00e9lix, [&hellip;]<\/p>\n","protected":false},"author":1,"featured_media":38493,"comment_status":"open","ping_status":"open","sticky":false,"template":"","format":"standard","meta":{"_et_pb_use_builder":"","_et_pb_old_content":"","_et_gb_content_width":"","footnotes":""},"categories":[17],"tags":[21,22,28,48],"_links":{"self":[{"href":"https:\/\/www.sportingcanal.com\/index.php?rest_route=\/wp\/v2\/posts\/762"}],"collection":[{"href":"https:\/\/www.sportingcanal.com\/index.php?rest_route=\/wp\/v2\/posts"}],"about":[{"href":"https:\/\/www.sportingcanal.com\/index.php?rest_route=\/wp\/v2\/types\/post"}],"author":[{"embeddable":true,"href":"https:\/\/www.sportingcanal.com\/index.php?rest_route=\/wp\/v2\/users\/1"}],"replies":[{"embeddable":true,"href":"https:\/\/www.sportingcanal.com\/index.php?rest_route=%2Fwp%2Fv2%2Fcomments&post=762"}],"version-history":[{"count":27,"href":"https:\/\/www.sportingcanal.com\/index.php?rest_route=\/wp\/v2\/posts\/762\/revisions"}],"predecessor-version":[{"id":38494,"href":"https:\/\/www.sportingcanal.com\/index.php?rest_route=\/wp\/v2\/posts\/762\/revisions\/38494"}],"wp:featuredmedia":[{"embeddable":true,"href":"https:\/\/www.sportingcanal.com\/index.php?rest_route=\/wp\/v2\/media\/38493"}],"wp:attachment":[{"href":"https:\/\/www.sportingcanal.com\/index.php?rest_route=%2Fwp%2Fv2%2Fmedia&parent=762"}],"wp:term":[{"taxonomy":"category","embeddable":true,"href":"https:\/\/www.sportingcanal.com\/index.php?rest_route=%2Fwp%2Fv2%2Fcategories&post=762"},{"taxonomy":"post_tag","embeddable":true,"href":"https:\/\/www.sportingcanal.com\/index.php?rest_route=%2Fwp%2Fv2%2Ftags&post=762"}],"curies":[{"name":"wp","href":"https:\/\/api.w.org\/{rel}","templated":true}]}}