{"id":7699,"date":"2025-11-04T08:30:29","date_gmt":"2025-11-04T07:30:29","guid":{"rendered":"http:\/\/www.sportingcanal.com\/?p=7699"},"modified":"2025-11-04T13:58:47","modified_gmt":"2025-11-04T12:58:47","slug":"figo-um-dos-melhores-produtos-de-sempre-da-formacao-leonina","status":"publish","type":"post","link":"https:\/\/www.sportingcanal.com\/?p=7699","title":{"rendered":"Figo \u2013 Um dos melhores \u201cprodutos\u201d de sempre da \u201cforma\u00e7\u00e3o\u201d leonina"},"content":{"rendered":"<p>Lu\u00eds Filipe Madeira Caeiro Figo nasceu a 4 de Novembro de 1972 em Almada. Come\u00e7ou por jogar num clube chamado \u201cOs Pastilhas\u201d, mas logo aos 13 anos ingressou nas camadas jovens do Sporting destacando-se rapidamente no clube e nas sele\u00e7\u00f5es nacionais.<\/p>\n<p>Realizou o 1\u00ba jogo oficial pela equipa principal do Sporting (sob o comando de Ra\u00fal \u00c1guas) a 1 de Abril de 1990 numa rece\u00e7\u00e3o ao Mar\u00edtimo para o Campeonato (1-0). Na altura ainda era j\u00fanior de 1\u00ba ano e s\u00f3 alinhou mais duas vezes nessa \u00e9poca. Em 1990\/91 fez toda a temporada nos juniores n\u00e3o chegando a ser chamado por Marinho Peres. No Ver\u00e3o sagrou-se Campe\u00e3o do Mundo de sub-20 e entrou em 1991\/92 como uma das grandes esperan\u00e7as leoninas. Realizou uma grande temporada firmando-se na equipa principal (a ponto de ter sido a par de Ivkovic, Leal e Cadete um dos mais utilizados na equipa &#8211; 38 presen\u00e7as). Fez o 1\u00ba golo a 7 de Dezembro de 1991 num triunfo em Torres Vedras por 2-1.<\/p>\n<p>Bobby Robson chegou para treinar a equipa no defeso de 1992, e Figo logo foi considerado pelo t\u00e9cnico brit\u00e2nico uma das suas \u201cj\u00f3ias da coroa\u201d. Fez 39 jogos mas n\u00e3o conseguiu marcar golos nem conquistar qualquer trof\u00e9u. No ano seguinte as coisas mudaram pois, para al\u00e9m de se manter indiscut\u00edvel na equipa e se confirmar como um verdadeiro \u201cfora-de-s\u00e9rie\u201d, come\u00e7ou a mostrar uma certa veia goleadora ao apontar 11 golos (em 42 jogos). Coletivamente \u00e9 que as coisas voltaram a n\u00e3o correr bem apesar do t\u00edtulo ter estado bem perto.<\/p>\n<p>A sua \u00faltima temporada de \u201cle\u00e3o ao peito\u201d foi a de 1994\/95. Sob o comando de Carlos Queiroz o Sporting voltou a estar perto do t\u00edtulo mas falhou o objetivo. No seu \u00faltimo jogo conquistou finalmente um trof\u00e9u &#8211; a Ta\u00e7a de Portugal, numa final ganha ao Mar\u00edtimo por 2-0 a 10 de Junho de 1995. Marcara o golo derradeiro (bisou) a 9 de Maio num triunfo por 3-0 sobre o Vit\u00f3ria de Set\u00fabal para as meias-finais da Ta\u00e7a. Ap\u00f3s uma \u00e9poca em alt\u00edssimo n\u00edvel individual, Sousa Cintra n\u00e3o o conseguiu segurar e acabou transferido para o FC Barcelona.<\/p>\n<p>Assim, fez um total de 5 \u00e9pocas, 158 jogos e 23 golos na equipa principal do Sporting. Ganhou uma Ta\u00e7a de Portugal. Alinhando normalmente na ala direita do meio campo, muito bem dotado fisicamente e com uma personalidade forte, deixou em Alvalade um rasto de futebol tecnicista e de grande classe que encantou os sportinguistas.<\/p>\n<p>Nos \u201cblaugrana\u201d atingiu grande relevo ao lado de homens como Ronaldo (\u201cfen\u00f3meno\u201d) e Rivaldo conquistando uma Ta\u00e7a das Ta\u00e7as e 2 Campeonatos de Espanha, entre outros t\u00edtulos. Em 2000 transferiu-se surpreendentemente para o Real Madrid para alinhar com grandes estrelas da estirpe de Roberto Carlos ou Zidane. Conquistou os pr\u00e9mios Bola de Ouro 2000 do \u201cFrance Football\u201d e Melhor jogador do Mundo &#8211; FIFA 2001. Ap\u00f3s 4 anos de grande sucesso nos \u201cmerengues\u201d (com uma Liga dos Campe\u00f5es e 2 Campeonatos de Espanha \u2013 para al\u00e9m de outras conquistas) rumou ao Inter de Mil\u00e3o onde venceu 4 Campeonatos em 4 anos!<\/p>\n<p>Ganhou 3 vezes o Pr\u00e9mio Stromp, em 1991 (\u201cEspecial mundial\u201d), 1994 (\u201cFutebolista\u201d) e 2002 (\u201cS\u00f3cio\u201d). Foi 127 vezes internacional A por Portugal (um recorde) com 32 golos marcados. Esteve nos Europeus de 1996, 2000 e 2004 e nos Mundiais de 2002 e 2006.<\/p>\n<p>Entre os adeptos do Sporting h\u00e1 uma mistura de sentimentos em rela\u00e7\u00e3o \u00e0 sua pessoa, pois se uns valorizam mais todos os anos que passou de verde e branco e, por exemplo, a forma efusiva como festejou o golo do Sporting na final da Ta\u00e7a UEFA de 2005, outros n\u00e3o lhe perdoam o facto de n\u00e3o ter acabado a carreira em Alvalade (fazendo um paralelo com o benfiquista Rui Costa), a sua comemora\u00e7\u00e3o no banco do Inter quando os italianos marcaram ao Sporting em Novembro de 2006 ou o facto de nunca se ter disponibilizado para ajudar a criar uma linha de rumo em alturas muito negativas para o clube.<\/p>\n<div class=\"tweetthis\" style=\"text-align:left;\"><p> <a target=\"_blank\" rel=\"nofollow\" class=\"tt\" href=\"http:\/\/twitter.com\/home\/?status=Figo+%E2%80%93+Um+dos+melhores+%E2%80%9Cprodutos%E2%80%9D+de+sempre+da+%E2%80%9Cforma%C3%A7%C3%A3o%E2%80%9D+leonina+https%3A%2F%2Fis.gd%2F9oHWRx\" title=\"Post to Twitter\"><img decoding=\"async\" class=\"nothumb\" src=\"http:\/\/www.sportingcanal.com\/wp-content\/plugins\/tweet-this\/icons\/en\/twitter\/tt-twitter6.png\" alt=\"Post to Twitter\" \/><\/a><\/p><\/div>","protected":false},"excerpt":{"rendered":"<p>Lu\u00eds Filipe Madeira Caeiro Figo nasceu a 4 de Novembro de 1972 em Almada. Come\u00e7ou por jogar num clube chamado \u201cOs Pastilhas\u201d, mas logo aos 13 anos ingressou nas camadas jovens do Sporting destacando-se rapidamente no clube e nas sele\u00e7\u00f5es nacionais. Realizou o 1\u00ba jogo oficial pela equipa principal do Sporting (sob o comando de [&hellip;]<\/p>\n","protected":false},"author":1,"featured_media":7700,"comment_status":"open","ping_status":"open","sticky":false,"template":"","format":"standard","meta":{"_et_pb_use_builder":"","_et_pb_old_content":"","_et_gb_content_width":"","footnotes":""},"categories":[63],"tags":[8,64],"_links":{"self":[{"href":"https:\/\/www.sportingcanal.com\/index.php?rest_route=\/wp\/v2\/posts\/7699"}],"collection":[{"href":"https:\/\/www.sportingcanal.com\/index.php?rest_route=\/wp\/v2\/posts"}],"about":[{"href":"https:\/\/www.sportingcanal.com\/index.php?rest_route=\/wp\/v2\/types\/post"}],"author":[{"embeddable":true,"href":"https:\/\/www.sportingcanal.com\/index.php?rest_route=\/wp\/v2\/users\/1"}],"replies":[{"embeddable":true,"href":"https:\/\/www.sportingcanal.com\/index.php?rest_route=%2Fwp%2Fv2%2Fcomments&post=7699"}],"version-history":[{"count":20,"href":"https:\/\/www.sportingcanal.com\/index.php?rest_route=\/wp\/v2\/posts\/7699\/revisions"}],"predecessor-version":[{"id":39206,"href":"https:\/\/www.sportingcanal.com\/index.php?rest_route=\/wp\/v2\/posts\/7699\/revisions\/39206"}],"wp:featuredmedia":[{"embeddable":true,"href":"https:\/\/www.sportingcanal.com\/index.php?rest_route=\/wp\/v2\/media\/7700"}],"wp:attachment":[{"href":"https:\/\/www.sportingcanal.com\/index.php?rest_route=%2Fwp%2Fv2%2Fmedia&parent=7699"}],"wp:term":[{"taxonomy":"category","embeddable":true,"href":"https:\/\/www.sportingcanal.com\/index.php?rest_route=%2Fwp%2Fv2%2Fcategories&post=7699"},{"taxonomy":"post_tag","embeddable":true,"href":"https:\/\/www.sportingcanal.com\/index.php?rest_route=%2Fwp%2Fv2%2Ftags&post=7699"}],"curies":[{"name":"wp","href":"https:\/\/api.w.org\/{rel}","templated":true}]}}