{"id":7704,"date":"2025-11-04T08:00:46","date_gmt":"2025-11-04T07:00:46","guid":{"rendered":"http:\/\/www.sportingcanal.com\/?p=7704"},"modified":"2025-11-04T13:58:54","modified_gmt":"2025-11-04T12:58:54","slug":"menezes-um-defesa-eficaz-que-tambem-chutava-forte","status":"publish","type":"post","link":"https:\/\/www.sportingcanal.com\/?p=7704","title":{"rendered":"Menezes \u2013 Um defesa eficaz que tamb\u00e9m chutava forte"},"content":{"rendered":"<p>Paulo Roberto Menezes nasceu a 4 de Novembro de 1956 no Rio de Janeiro \u2013 Brasil. Chegou ao Sporting ainda muito jovem, no defeso de 1977, proveniente do Itabuna da Ba\u00eda. Estreou-se oficialmente (com o t\u00e9cnico Paulo Em\u00edlio) a 25 de Setembro com uma derrota em Set\u00fabal por 2-1. Marcou o 1\u00ba golo a 2 de Abril de 1978 num 2-3 perante o Porto em Alvalade. Nessa 1\u00aa temporada Laranjeira e Manaca eram os esteios da defesa leonina mas Menezes entrou diversas vezes na equipa (20 presen\u00e7as) e conquistou a Ta\u00e7a de Portugal (marcou 1 golo importante na final frente ao Porto).<\/p>\n<p>No ano seguinte ganhou um lugar no centro da defesa (ao lado de Laranjeira). Coletivamente \u00e9 que as coisas n\u00e3o correram bem pois n\u00e3o houve t\u00edtulos para festejar. Tudo mudaria, no entanto, em 1979\/80. Num Campeonato disputad\u00edssimo com o Porto, foram os le\u00f5es a comemorar no fim a conquista do seu 15\u00ba Campeonato Nacional. O brasileiro voltou a ser \u201cpedra basilar\u201d da equipa (de Rodrigues Dias, primeiro, e Fernando Mendes, depois) ao fazer 33 jogos e marcar 4 golos.<\/p>\n<p>A sua \u201cestrela\u201d come\u00e7ou a empalidecer em 1980\/81. Derivado para o meio-campo defensivo, somou apenas 11 jogos. Jogou ainda menos (apenas 3 vezes) na gloriosa temporada 1981\/82 sob o comando de Malcolm Allison, mas saiu como Campe\u00e3o e vencedor da Ta\u00e7a de Portugal (em cuja final \u2013 a 29 de Maio de 1982 &#8211; se despediu do clube com um triunfo por 4-0 frente ao Braga).<\/p>\n<p>Assim, totalizou 5 temporadas no Sporting, tendo alinhado em 95 jogos oficiais e marcado 9 golos. Ganhou 2 Campeonatos Nacionais e duas Ta\u00e7as de Portugal. Foi um defesa forte, que marcava bem e sabia sair a jogar (pois tinha boa t\u00e9cnica). Para al\u00e9m disso rematava forte e colocado.<\/p>\n<p>De Alvalade foi para Faro onde se sagrou Campe\u00e3o Nacional da 2\u00aa divis\u00e3o em 1983, o mesmo acontecendo no Belenenses em 1984. Em 1985 voltou ao Farense, tendo jogado ainda no Bragan\u00e7a at\u00e9 1989.<\/p>\n<div class=\"tweetthis\" style=\"text-align:left;\"><p> <a target=\"_blank\" rel=\"nofollow\" class=\"tt\" href=\"http:\/\/twitter.com\/home\/?status=Menezes+%E2%80%93+Um+defesa+eficaz+que+tamb%C3%A9m+chutava+forte+https%3A%2F%2Fis.gd%2FjU4aq5\" title=\"Post to Twitter\"><img decoding=\"async\" class=\"nothumb\" src=\"http:\/\/www.sportingcanal.com\/wp-content\/plugins\/tweet-this\/icons\/en\/twitter\/tt-twitter6.png\" alt=\"Post to Twitter\" \/><\/a><\/p><\/div>","protected":false},"excerpt":{"rendered":"<p>Paulo Roberto Menezes nasceu a 4 de Novembro de 1956 no Rio de Janeiro \u2013 Brasil. Chegou ao Sporting ainda muito jovem, no defeso de 1977, proveniente do Itabuna da Ba\u00eda. Estreou-se oficialmente (com o t\u00e9cnico Paulo Em\u00edlio) a 25 de Setembro com uma derrota em Set\u00fabal por 2-1. Marcou o 1\u00ba golo a 2 [&hellip;]<\/p>\n","protected":false},"author":1,"featured_media":7705,"comment_status":"open","ping_status":"open","sticky":false,"template":"","format":"standard","meta":{"_et_pb_use_builder":"","_et_pb_old_content":"","_et_gb_content_width":"","footnotes":""},"categories":[63],"tags":[65,8],"_links":{"self":[{"href":"https:\/\/www.sportingcanal.com\/index.php?rest_route=\/wp\/v2\/posts\/7704"}],"collection":[{"href":"https:\/\/www.sportingcanal.com\/index.php?rest_route=\/wp\/v2\/posts"}],"about":[{"href":"https:\/\/www.sportingcanal.com\/index.php?rest_route=\/wp\/v2\/types\/post"}],"author":[{"embeddable":true,"href":"https:\/\/www.sportingcanal.com\/index.php?rest_route=\/wp\/v2\/users\/1"}],"replies":[{"embeddable":true,"href":"https:\/\/www.sportingcanal.com\/index.php?rest_route=%2Fwp%2Fv2%2Fcomments&post=7704"}],"version-history":[{"count":20,"href":"https:\/\/www.sportingcanal.com\/index.php?rest_route=\/wp\/v2\/posts\/7704\/revisions"}],"predecessor-version":[{"id":39205,"href":"https:\/\/www.sportingcanal.com\/index.php?rest_route=\/wp\/v2\/posts\/7704\/revisions\/39205"}],"wp:featuredmedia":[{"embeddable":true,"href":"https:\/\/www.sportingcanal.com\/index.php?rest_route=\/wp\/v2\/media\/7705"}],"wp:attachment":[{"href":"https:\/\/www.sportingcanal.com\/index.php?rest_route=%2Fwp%2Fv2%2Fmedia&parent=7704"}],"wp:term":[{"taxonomy":"category","embeddable":true,"href":"https:\/\/www.sportingcanal.com\/index.php?rest_route=%2Fwp%2Fv2%2Fcategories&post=7704"},{"taxonomy":"post_tag","embeddable":true,"href":"https:\/\/www.sportingcanal.com\/index.php?rest_route=%2Fwp%2Fv2%2Ftags&post=7704"}],"curies":[{"name":"wp","href":"https:\/\/api.w.org\/{rel}","templated":true}]}}