{"id":7707,"date":"2025-11-04T09:00:14","date_gmt":"2025-11-04T08:00:14","guid":{"rendered":"http:\/\/www.sportingcanal.com\/?p=7707"},"modified":"2025-11-04T13:58:38","modified_gmt":"2025-11-04T12:58:38","slug":"4-0-ao-benfica-para-limpar-a-face","status":"publish","type":"post","link":"https:\/\/www.sportingcanal.com\/?p=7707","title":{"rendered":"1945 &#8211; 4-0 ao Benfica para \u201climpar a face\u201d"},"content":{"rendered":"<p>4 de Novembro de 1945. O Sporting n\u00e3o vivia uma fase muito positiva no Campeonato Regional de Lisboa, a prova que abria a \u00e9poca oficial e se disputava normalmente entre Setembro e Dezembro. Os le\u00f5es vinham duma derrota escandalosa por 5-0 frente ao Estoril (na \u00fanica partida em que o guarda-redes Magalh\u00e3es alinhou de verde e branco).<\/p>\n<p>A verdade \u00e9 que, neste dia, havia que receber o Benfica. Os pupilos de C\u00e2ndido de Oliveira queriam \u201climpar a face\u201d e, de facto, nada melhor que uma boa vit\u00f3ria perante o grande rival para animar as hostes. A equipa: Azevedo; \u00c1lvaro Cardoso e Manecas; Oct\u00e1vio Barrosa, Ver\u00edssimoe Juvenal; Jesus Correia, Armando Ferreira, <a href=\"http:\/\/www.sportingcanal.com\/?p=871\">Peyroteo<\/a>, Cordeiro (que se estreou) e Albano.<\/p>\n<p>O Sporting entrou na partida com o intuito de marcar rapidamente e resolver o jogo o quanto antes. Apesar disso os primeiros minutos foram equilibrados, mas, aos 22, Peyroteo abriu as hostilidades. Os le\u00f5es moralizaram-se e entraram em avalanche pela defensiva encarnada dentro naquilo que restou do 1\u00ba per\u00edodo de jogo. Aos 35 Oct\u00e1vio Barrosa fez o 2-0 e aos 44 Albano apontou o 3-0 com que chegou o descanso.<\/p>\n<p>Temendo a goleada, os benfiquistas tentaram controlar mais a posse de bola no 2\u00ba tempo, e a verdade \u00e9 que o encontro, j\u00e1 resolvido, se foi arrastando sem grande interesse. Ainda assim, a 10 minutos do fim, Peyroteo voltou a marcar estabelecendo o 4-0 final, uma das (poucas) goleadas na Hist\u00f3ria dos jogos oficiais entre Sporting e Benfica.<\/p>\n<p>Acrescente-se, j\u00e1 agora, que o Sporting acabaria por falhar o t\u00edtulo regional (que foi para o Belenenses \u2013 azuis que meses mais tarde conquistariam ainda o seu 1\u00ba e \u00fanico Campeonato Nacional, naquela que foi a sua melhor \u00e9poca de sempre).<\/p>\n<p>Foto (arquivo): O treinador do Sporting, C\u00e2ndido de Oliveira.<\/p>\n<div class=\"tweetthis\" style=\"text-align:left;\"><p> <a target=\"_blank\" rel=\"nofollow\" class=\"tt\" href=\"http:\/\/twitter.com\/home\/?status=1945+%E2%80%93+4-0+ao+Benfica+para+%E2%80%9Climpar+a+face%E2%80%9D+https%3A%2F%2Fis.gd%2FD4nLcC\" title=\"Post to Twitter\"><img decoding=\"async\" class=\"nothumb\" src=\"http:\/\/www.sportingcanal.com\/wp-content\/plugins\/tweet-this\/icons\/en\/twitter\/tt-twitter6.png\" alt=\"Post to Twitter\" \/><\/a><\/p><\/div>","protected":false},"excerpt":{"rendered":"<p>4 de Novembro de 1945. O Sporting n\u00e3o vivia uma fase muito positiva no Campeonato Regional de Lisboa, a prova que abria a \u00e9poca oficial e se disputava normalmente entre Setembro e Dezembro. Os le\u00f5es vinham duma derrota escandalosa por 5-0 frente ao Estoril (na \u00fanica partida em que o guarda-redes Magalh\u00e3es alinhou de verde [&hellip;]<\/p>\n","protected":false},"author":1,"featured_media":7708,"comment_status":"open","ping_status":"open","sticky":false,"template":"","format":"standard","meta":{"_et_pb_use_builder":"","_et_pb_old_content":"","_et_gb_content_width":"","footnotes":""},"categories":[4],"tags":[28,8,69],"_links":{"self":[{"href":"https:\/\/www.sportingcanal.com\/index.php?rest_route=\/wp\/v2\/posts\/7707"}],"collection":[{"href":"https:\/\/www.sportingcanal.com\/index.php?rest_route=\/wp\/v2\/posts"}],"about":[{"href":"https:\/\/www.sportingcanal.com\/index.php?rest_route=\/wp\/v2\/types\/post"}],"author":[{"embeddable":true,"href":"https:\/\/www.sportingcanal.com\/index.php?rest_route=\/wp\/v2\/users\/1"}],"replies":[{"embeddable":true,"href":"https:\/\/www.sportingcanal.com\/index.php?rest_route=%2Fwp%2Fv2%2Fcomments&post=7707"}],"version-history":[{"count":19,"href":"https:\/\/www.sportingcanal.com\/index.php?rest_route=\/wp\/v2\/posts\/7707\/revisions"}],"predecessor-version":[{"id":39207,"href":"https:\/\/www.sportingcanal.com\/index.php?rest_route=\/wp\/v2\/posts\/7707\/revisions\/39207"}],"wp:featuredmedia":[{"embeddable":true,"href":"https:\/\/www.sportingcanal.com\/index.php?rest_route=\/wp\/v2\/media\/7708"}],"wp:attachment":[{"href":"https:\/\/www.sportingcanal.com\/index.php?rest_route=%2Fwp%2Fv2%2Fmedia&parent=7707"}],"wp:term":[{"taxonomy":"category","embeddable":true,"href":"https:\/\/www.sportingcanal.com\/index.php?rest_route=%2Fwp%2Fv2%2Fcategories&post=7707"},{"taxonomy":"post_tag","embeddable":true,"href":"https:\/\/www.sportingcanal.com\/index.php?rest_route=%2Fwp%2Fv2%2Ftags&post=7707"}],"curies":[{"name":"wp","href":"https:\/\/api.w.org\/{rel}","templated":true}]}}