{"id":7729,"date":"2025-11-05T08:00:05","date_gmt":"2025-11-05T07:00:05","guid":{"rendered":"http:\/\/www.sportingcanal.com\/?p=7729"},"modified":"2025-11-05T15:47:38","modified_gmt":"2025-11-05T14:47:38","slug":"fernando-mendes-o-eterno-irreverente","status":"publish","type":"post","link":"https:\/\/www.sportingcanal.com\/?p=7729","title":{"rendered":"Fernando Mendes \u2013 Irrever\u00eancia pelo corredor esquerdo"},"content":{"rendered":"<p>Fernando Manuel Antunes Mendes nasceu a 5 de Novembro de 1966 em Set\u00fabal. Deu os primeiros pontap\u00e9s na bola no Montijo mas chegou ao Sporting ainda muito novo (para o escal\u00e3o de iniciados). Nas camadas jovens foi regularmente internacional e rapidamente se tornou uma grande esperan\u00e7a do futebol sportinguista.<\/p>\n<p>Estreou-se oficialmente (com o treinador Pedro Gomes) no \u00faltimo jogo da temporada 1984\/85 a 2 de Junho, num triunfo por 4-0 sobre o Vit\u00f3ria de Set\u00fabal. Na \u00e9poca que se seguiu, sob o comando de Manuel Jos\u00e9, ganhou o estatuto de titular\u00edssimo (apesar da sua juventude) no lado esquerdo da defesa leonina (33 presen\u00e7as). At\u00e9 ao final de 1988\/89 foi (num total de 4 anos) o \u201cdono do lugar\u201d, no qual se distinguiu sobretudo pela garra com que disputava cada lance. Para al\u00e9m do empenho, tinha como qualidades uma boa capacidade para cruzar, a rapidez e um razo\u00e1vel desempenho em termos defensivos.<\/p>\n<p>A 12 de Abril de 1989 alinhou pela \u00faltima vez de verde e branco numa derrota no Restelo por 3-1 para as meias-finais da Ta\u00e7a de Portugal. Deixou o Sporting no Ver\u00e3o desse ano (reclamando sal\u00e1rios em atraso) ap\u00f3s 5 \u00e9pocas na equipa principal, tendo realizado 115 jogos oficiais (sem golos marcados). Ganhou uma Superta\u00e7a (em 1987\/88).<\/p>\n<p>Rumou ent\u00e3o ao Benfica onde se sagrou Campe\u00e3o (jogando pouco) em 1992\/93. Esteve ainda no Boavista (venceu a Ta\u00e7a de Portugal), regressou ao Benfica (e ganhou nova Ta\u00e7a), e passou depois por Estrela da Amadora e Belenenses. No defeso de 1996 surpreendeu a sua contrata\u00e7\u00e3o pelo FC Porto (apesar das boas exibi\u00e7\u00f5es nos azuis do Restelo), e nas Antas viveu os melhores momentos da carreira com v\u00e1rios t\u00edtulos e muita utiliza\u00e7\u00e3o. Passou mais tarde pelo Belenenses e Vit\u00f3ria de Set\u00fabal. Depois dum per\u00edodo em que parecia ter encerrado a carreira acabou por voltar, jogando ainda no Montijo, S\u00e3o Marcos e Ol\u00edmpico do Montijo, onde terminou o seu percurso em 2009!<\/p>\n<p>Foi 11 vezes internacional A, e em 2010 publicou um livro em que, com a irrever\u00eancia habitual, falou de diversos temas \u201cquentes\u201d do Futebol portugu\u00eas com destaque para a prolifera\u00e7\u00e3o do doping.<\/p>\n<p>Algo que sempre caiu bem nos sportinguistas \u00e9 o assumido sportinguismo de Fernando Mendes, que independentemente do seu percurso profissional nunca deixou de ter o clube de Alvalade como o n\u00famero 1 no seu cora\u00e7\u00e3o.<\/p>\n<p>Nos \u00faltimos tempos ganhou mais mediatismo com a sua presen\u00e7a frequente na CMTV.<\/p>\n<div class=\"tweetthis\" style=\"text-align:left;\"><p> <a target=\"_blank\" rel=\"nofollow\" class=\"tt\" href=\"http:\/\/twitter.com\/home\/?status=Fernando+Mendes+%E2%80%93+Irrever%C3%AAncia+pelo+corredor+esquerdo+https%3A%2F%2Fis.gd%2F7BVkxS\" title=\"Post to Twitter\"><img decoding=\"async\" class=\"nothumb\" src=\"http:\/\/www.sportingcanal.com\/wp-content\/plugins\/tweet-this\/icons\/en\/twitter\/tt-twitter6.png\" alt=\"Post to Twitter\" \/><\/a><\/p><\/div>","protected":false},"excerpt":{"rendered":"<p>Fernando Manuel Antunes Mendes nasceu a 5 de Novembro de 1966 em Set\u00fabal. Deu os primeiros pontap\u00e9s na bola no Montijo mas chegou ao Sporting ainda muito novo (para o escal\u00e3o de iniciados). Nas camadas jovens foi regularmente internacional e rapidamente se tornou uma grande esperan\u00e7a do futebol sportinguista. Estreou-se oficialmente (com o treinador Pedro [&hellip;]<\/p>\n","protected":false},"author":1,"featured_media":7730,"comment_status":"open","ping_status":"open","sticky":false,"template":"","format":"standard","meta":{"_et_pb_use_builder":"","_et_pb_old_content":"","_et_gb_content_width":"","footnotes":""},"categories":[63],"tags":[65,8],"_links":{"self":[{"href":"https:\/\/www.sportingcanal.com\/index.php?rest_route=\/wp\/v2\/posts\/7729"}],"collection":[{"href":"https:\/\/www.sportingcanal.com\/index.php?rest_route=\/wp\/v2\/posts"}],"about":[{"href":"https:\/\/www.sportingcanal.com\/index.php?rest_route=\/wp\/v2\/types\/post"}],"author":[{"embeddable":true,"href":"https:\/\/www.sportingcanal.com\/index.php?rest_route=\/wp\/v2\/users\/1"}],"replies":[{"embeddable":true,"href":"https:\/\/www.sportingcanal.com\/index.php?rest_route=%2Fwp%2Fv2%2Fcomments&post=7729"}],"version-history":[{"count":24,"href":"https:\/\/www.sportingcanal.com\/index.php?rest_route=\/wp\/v2\/posts\/7729\/revisions"}],"predecessor-version":[{"id":39209,"href":"https:\/\/www.sportingcanal.com\/index.php?rest_route=\/wp\/v2\/posts\/7729\/revisions\/39209"}],"wp:featuredmedia":[{"embeddable":true,"href":"https:\/\/www.sportingcanal.com\/index.php?rest_route=\/wp\/v2\/media\/7730"}],"wp:attachment":[{"href":"https:\/\/www.sportingcanal.com\/index.php?rest_route=%2Fwp%2Fv2%2Fmedia&parent=7729"}],"wp:term":[{"taxonomy":"category","embeddable":true,"href":"https:\/\/www.sportingcanal.com\/index.php?rest_route=%2Fwp%2Fv2%2Fcategories&post=7729"},{"taxonomy":"post_tag","embeddable":true,"href":"https:\/\/www.sportingcanal.com\/index.php?rest_route=%2Fwp%2Fv2%2Ftags&post=7729"}],"curies":[{"name":"wp","href":"https:\/\/api.w.org\/{rel}","templated":true}]}}