{"id":7732,"date":"2025-11-05T08:30:35","date_gmt":"2025-11-05T07:30:35","guid":{"rendered":"http:\/\/www.sportingcanal.com\/?p=7732"},"modified":"2025-11-05T15:47:42","modified_gmt":"2025-11-05T14:47:42","slug":"nelson-lateral-direito-de-altissimo-nivel","status":"publish","type":"post","link":"https:\/\/www.sportingcanal.com\/?p=7732","title":{"rendered":"Nelson \u2013 Lateral-direito de muito bom n\u00edvel"},"content":{"rendered":"<p>Fernando Nelson Jesus Vieira Alves nasceu a 5 de Novembro de 1971 no Porto. No clube azul e branco fez a forma\u00e7\u00e3o, como avan\u00e7ado.\u00a0 Em 1990\/91 estreou-se nos seniores, no Salgueiros, onde come\u00e7ou a dar nas vistas (Filipovic colocou-o a jogar na direita da defesa). No final da \u00e9poca, ap\u00f3s se ter sagrado Campe\u00e3o do Mundo de sub-20, foi contratado para o Sporting pelo presidente Sousa Cintra.<\/p>\n<p>A 1\u00aa temporada n\u00e3o foi f\u00e1cil. Perante a concorr\u00eancia de Marinho e Jo\u00e3o Lu\u00eds realizou apenas 3 jogos, o 1\u00ba dos quais (sob o comando de Marinho Peres) logo na abertura da \u00e9poca, numa rece\u00e7\u00e3o ao FC Famalic\u00e3o (3-0).<\/p>\n<p>No ano seguinte chegou Bobby Robson, e Nelson ganhou protagonismo ao alternar com Marinho na titularidade (19 presen\u00e7as). Em 1993\/94, mais maduro e \u201cmais jogador\u201d, ganhou o estatuto de titular, a ponto de ser o futebolista mais utilizado no plantel comandado por Robson (primeiro) e Queiroz (depois). Fez 46 partidas e marcou o 1\u00ba golo de verde e branco num Sporting-Farense (3-1) a 6 de Mar\u00e7o de 1994.<\/p>\n<p>Manteve a bitola em 1994\/95 e conquistou finalmente um t\u00edtulo &#8211; a Ta\u00e7a de Portugal (com 2-0 ao Mar\u00edtimo). Na temporada que se seguiu esteve brilhante. Jogou 46 vezes (ganhou a Superta\u00e7a ao Porto) e acabou contratado pelo Aston Villa para lamento de todos os sportinguistas. Alinhou pela \u00faltima vez na tristemente recordada final da Ta\u00e7a de Portugal (em que foi assassinado um adepto sportinguista) perdida por 3-1 perante o Benfica (18 de Maio de 1996).<\/p>\n<p>Assim, esteve um total de 5 \u00e9pocas na equipa principal do Sporting tendo realizado 153 jogos oficiais e marcado 3 golos. Ganhou uma Ta\u00e7a de Portugal e outra Superta\u00e7a. Deixou em Alvalade \u00f3timas recorda\u00e7\u00f5es. Foi um defesa-direito regular\u00edssimo, daqueles que \u201cn\u00e3o sabem\u201d jogar mal. Boa t\u00e9cnica, bons \u00edndices f\u00edsicos, bom na marca\u00e7\u00e3o e muito ofensivo \u2013 um jogador completo.<\/p>\n<p>Ap\u00f3s 2 anos de relativo sucesso em Inglaterra voltou a Portugal, mas agora para o Porto. Nas Antas esteve 4 anos e ganhou 1 Campeonato e duas Ta\u00e7as de Portugal, sem nunca voltar a atingir o grande n\u00edvel patenteado em Alvalade. Mais tarde jogou ainda no Vit\u00f3ria de Set\u00fabal e terminou a carreira em 2005 no Sport Rio Tinto.<\/p>\n<p>Foi 10 vezes internacional A, um n\u00famero baixo face \u00e0 sua grande qualidade.<\/p>\n<div class=\"tweetthis\" style=\"text-align:left;\"><p> <a target=\"_blank\" rel=\"nofollow\" class=\"tt\" href=\"http:\/\/twitter.com\/home\/?status=Nelson+%E2%80%93+Lateral-direito+de+muito+bom+n%C3%ADvel+https%3A%2F%2Fis.gd%2FLULoK3\" title=\"Post to Twitter\"><img decoding=\"async\" class=\"nothumb\" src=\"http:\/\/www.sportingcanal.com\/wp-content\/plugins\/tweet-this\/icons\/en\/twitter\/tt-twitter6.png\" alt=\"Post to Twitter\" \/><\/a><\/p><\/div>","protected":false},"excerpt":{"rendered":"<p>Fernando Nelson Jesus Vieira Alves nasceu a 5 de Novembro de 1971 no Porto. No clube azul e branco fez a forma\u00e7\u00e3o, como avan\u00e7ado.\u00a0 Em 1990\/91 estreou-se nos seniores, no Salgueiros, onde come\u00e7ou a dar nas vistas (Filipovic colocou-o a jogar na direita da defesa). No final da \u00e9poca, ap\u00f3s se ter sagrado Campe\u00e3o do [&hellip;]<\/p>\n","protected":false},"author":1,"featured_media":7733,"comment_status":"open","ping_status":"open","sticky":false,"template":"","format":"standard","meta":{"_et_pb_use_builder":"","_et_pb_old_content":"","_et_gb_content_width":"","footnotes":""},"categories":[63],"tags":[65,8],"_links":{"self":[{"href":"https:\/\/www.sportingcanal.com\/index.php?rest_route=\/wp\/v2\/posts\/7732"}],"collection":[{"href":"https:\/\/www.sportingcanal.com\/index.php?rest_route=\/wp\/v2\/posts"}],"about":[{"href":"https:\/\/www.sportingcanal.com\/index.php?rest_route=\/wp\/v2\/types\/post"}],"author":[{"embeddable":true,"href":"https:\/\/www.sportingcanal.com\/index.php?rest_route=\/wp\/v2\/users\/1"}],"replies":[{"embeddable":true,"href":"https:\/\/www.sportingcanal.com\/index.php?rest_route=%2Fwp%2Fv2%2Fcomments&post=7732"}],"version-history":[{"count":23,"href":"https:\/\/www.sportingcanal.com\/index.php?rest_route=\/wp\/v2\/posts\/7732\/revisions"}],"predecessor-version":[{"id":39210,"href":"https:\/\/www.sportingcanal.com\/index.php?rest_route=\/wp\/v2\/posts\/7732\/revisions\/39210"}],"wp:featuredmedia":[{"embeddable":true,"href":"https:\/\/www.sportingcanal.com\/index.php?rest_route=\/wp\/v2\/media\/7733"}],"wp:attachment":[{"href":"https:\/\/www.sportingcanal.com\/index.php?rest_route=%2Fwp%2Fv2%2Fmedia&parent=7732"}],"wp:term":[{"taxonomy":"category","embeddable":true,"href":"https:\/\/www.sportingcanal.com\/index.php?rest_route=%2Fwp%2Fv2%2Fcategories&post=7732"},{"taxonomy":"post_tag","embeddable":true,"href":"https:\/\/www.sportingcanal.com\/index.php?rest_route=%2Fwp%2Fv2%2Ftags&post=7732"}],"curies":[{"name":"wp","href":"https:\/\/api.w.org\/{rel}","templated":true}]}}