{"id":7742,"date":"2025-11-07T08:00:05","date_gmt":"2025-11-07T07:00:05","guid":{"rendered":"http:\/\/www.sportingcanal.com\/?p=7742"},"modified":"2025-11-07T11:43:51","modified_gmt":"2025-11-07T10:43:51","slug":"fidalgo-guarda-redes-agil-importante-no-titulo-de-1980","status":"publish","type":"post","link":"https:\/\/www.sportingcanal.com\/?p=7742","title":{"rendered":"Fidalgo \u2013 Guarda-redes \u00e1gil, importante no t\u00edtulo de 1980"},"content":{"rendered":"<p>&nbsp;<\/p>\n<div id=\"_mcePaste\">\n<p class=\"MsoNormal\">Ant\u00f3nio Henrique Martins Fidalgo nasceu a 7 de Novembro de 1952 em Vila Nova de Gaia. Depois de dar nas vistas no Sporting de Espinho rumou ao Benfica (ainda junior).<\/p>\n<p class=\"MsoNormal\">Pela Luz n\u00e3o jogou muito mas permaneceu v\u00e1rios anos, intercalados por alguns de empr\u00e9stimo ao Leix\u00f5es e Braga.<\/p>\n<p class=\"MsoNormal\">Chegou ao Sporting no defeso de 1979 (juntamente com Eurico) proveniente do Benfica. Nesse \u201cVer\u00e3o quente\u201d, Botelho e Laranjeira fizeram o percurso inverso. Estreou-se oficialmente (com o treinador Rodrigues Dias) logo no 1\u00ba jogo da temporada (derrota no Restelo por 2-1). No entanto, uma grave les\u00e3o na semana seguinte, na Madeira frente ao Mar\u00edtimo (e que o obrigou a duas interven\u00e7\u00f5es cir\u00fargicas ao menisco interno do joelho esquerdo), f\u00ea-lo perder a titularidade para Vaz.<\/p>\n<p class=\"MsoNormal\">Numa temporada de grande luta entre Sporting e Porto pelo t\u00edtulo, Fidalgo marcou presen\u00e7a em 19 partidas oficiais, e todos relembram a sua presen\u00e7a num dos jogos mais decisivos dessa caminhada (triunfo em Guimar\u00e3es por 1-0 \u00e0 pen\u00faltima jornada), onde uma defesa sua \u201cmilagrosa\u201d perto do fim poder\u00e1 ter sido fundamental para a conquista do t\u00edtulo.<\/p>\n<p class=\"MsoNormal\">Na \u00e9poca seguinte voltou a come\u00e7ar como titular, mas uma les\u00e3o grav\u00edssima na Luz (em partida da Superta\u00e7a) &#8211; com uma rutura total dum m\u00fasculo na zona inguinal &#8211; f\u00ea-lo estar afastado por muito tempo dos relvados, pelo que realizou apenas 6 partidas.<\/p>\n<p class=\"MsoNormal\">Com a chegada de Meszaros e Melo para 1981\/82 marcou presen\u00e7a em apenas 2 jogos, o mesmo acontecendo em 1982\/83, a sua \u00faltima \u00e9poca no Sporting.\u00a0 A sua derradeira partida teve lugar a 2 de Abril de 1983 (derrota na Luz para a Ta\u00e7a de Portugal por 3-0).<\/p>\n<p class=\"MsoNormal\">Assim, somou 4 temporadas, 29 jogos e 25 golos sofridos de verde e branco. Ganhou 2 Campeonatos Nacionais, uma Ta\u00e7a de Portugal e uma Superta\u00e7a. Destacou-se pela sua fiabilidade, agilidade e reflexos.<\/p>\n<p class=\"MsoNormal\">Depois esteve no Salgueiros onde se iniciou nas lides de treinador (ao substituir interinamente Oct\u00e1vio Machado).\u00a0 Mais tarde ainda alinhou no Estoril, onde encerrou a carreira em 1986.<\/p>\n<p class=\"MsoNormal\">Nos anos que se seguiram treinou diversas equipas dos escal\u00f5es secund\u00e1rios e fez interven\u00e7\u00f5es para a RTP.\u00a0 Atualmente \u00e9 poss\u00edvel ouvi-lo em coment\u00e1rios regulares na r\u00e1dio e televis\u00e3o.<\/p>\n<p class=\"MsoNormal\" style=\"margin-bottom: .0001pt;\">\n<\/div>\n<div class=\"tweetthis\" style=\"text-align:left;\"><p> <a target=\"_blank\" rel=\"nofollow\" class=\"tt\" href=\"http:\/\/twitter.com\/home\/?status=Fidalgo+%E2%80%93+Guarda-redes+%C3%A1gil%2C+importante+no+t%C3%ADtulo+de+1980+https%3A%2F%2Fis.gd%2Fy2hRun\" title=\"Post to Twitter\"><img decoding=\"async\" class=\"nothumb\" src=\"http:\/\/www.sportingcanal.com\/wp-content\/plugins\/tweet-this\/icons\/en\/twitter\/tt-twitter6.png\" alt=\"Post to Twitter\" \/><\/a><\/p><\/div>","protected":false},"excerpt":{"rendered":"<p>&nbsp; Ant\u00f3nio Henrique Martins Fidalgo nasceu a 7 de Novembro de 1952 em Vila Nova de Gaia. Depois de dar nas vistas no Sporting de Espinho rumou ao Benfica (ainda junior). Pela Luz n\u00e3o jogou muito mas permaneceu v\u00e1rios anos, intercalados por alguns de empr\u00e9stimo ao Leix\u00f5es e Braga. Chegou ao Sporting no defeso de [&hellip;]<\/p>\n","protected":false},"author":1,"featured_media":7743,"comment_status":"open","ping_status":"open","sticky":false,"template":"","format":"standard","meta":{"_et_pb_use_builder":"","_et_pb_old_content":"","_et_gb_content_width":"","footnotes":""},"categories":[63],"tags":[8,52],"_links":{"self":[{"href":"https:\/\/www.sportingcanal.com\/index.php?rest_route=\/wp\/v2\/posts\/7742"}],"collection":[{"href":"https:\/\/www.sportingcanal.com\/index.php?rest_route=\/wp\/v2\/posts"}],"about":[{"href":"https:\/\/www.sportingcanal.com\/index.php?rest_route=\/wp\/v2\/types\/post"}],"author":[{"embeddable":true,"href":"https:\/\/www.sportingcanal.com\/index.php?rest_route=\/wp\/v2\/users\/1"}],"replies":[{"embeddable":true,"href":"https:\/\/www.sportingcanal.com\/index.php?rest_route=%2Fwp%2Fv2%2Fcomments&post=7742"}],"version-history":[{"count":26,"href":"https:\/\/www.sportingcanal.com\/index.php?rest_route=\/wp\/v2\/posts\/7742\/revisions"}],"predecessor-version":[{"id":39216,"href":"https:\/\/www.sportingcanal.com\/index.php?rest_route=\/wp\/v2\/posts\/7742\/revisions\/39216"}],"wp:featuredmedia":[{"embeddable":true,"href":"https:\/\/www.sportingcanal.com\/index.php?rest_route=\/wp\/v2\/media\/7743"}],"wp:attachment":[{"href":"https:\/\/www.sportingcanal.com\/index.php?rest_route=%2Fwp%2Fv2%2Fmedia&parent=7742"}],"wp:term":[{"taxonomy":"category","embeddable":true,"href":"https:\/\/www.sportingcanal.com\/index.php?rest_route=%2Fwp%2Fv2%2Fcategories&post=7742"},{"taxonomy":"post_tag","embeddable":true,"href":"https:\/\/www.sportingcanal.com\/index.php?rest_route=%2Fwp%2Fv2%2Ftags&post=7742"}],"curies":[{"name":"wp","href":"https:\/\/api.w.org\/{rel}","templated":true}]}}