{"id":7759,"date":"2025-11-08T07:30:24","date_gmt":"2025-11-08T06:30:24","guid":{"rendered":"http:\/\/www.sportingcanal.com\/?p=7759"},"modified":"2025-11-09T22:12:12","modified_gmt":"2025-11-09T21:12:12","slug":"lemajic-frieza-e-tranquilidade-vindas-de-leste","status":"publish","type":"post","link":"https:\/\/www.sportingcanal.com\/?p=7759","title":{"rendered":"Lemajic \u2013 Montenegrino que cumpriu no Alvalade"},"content":{"rendered":"<p>Zoran Lemajic nasceu a 8 de Novembro de 1960 em Niksic \u2013 Montenegro \u2013 Jugosl\u00e1via. Chegou a Portugal (oriundo do Pristina) para alinhar no Sporting Farense (ent\u00e3o na 2\u00aa divis\u00e3o). Ajudou a equipa algarvia a subir ao escal\u00e3o principal e a conseguir uma memor\u00e1vel presen\u00e7a na final da Ta\u00e7a de Portugal. Ap\u00f3s 3 bons anos em Faro rumou ao Boavista onde teve um desempenho de muito bom n\u00edvel e ganhou a Superta\u00e7a.<\/p>\n<p>Depois de 1 ano apenas no Bessa foi contratado pelo Sporting onde chegou no Ver\u00e3o de 1993 com o seu colega de equipa e de posi\u00e7\u00e3o &#8211; Costinha no intuito de \u201cfazer esquecer\u201d Ivkovic.<\/p>\n<p>Nos primeiros tempos a titularidade foi ganha pelo jovem portugu\u00eas e Lemajic s\u00f3 se estreou oficialmente (ainda com o treinador Bobby Robson) a 4 de Dezembro de 1993 num triunfo em Alvalade sobre o Le\u00e7a por 4-3 para a Ta\u00e7a de Portugal. 3 dias depois surgiu o \u201cdesastre\u201d de Salzburgo, a mudan\u00e7a de treinador e poucas semanas mais tarde a titularidade para Lemajic, que a manteve at\u00e9 ao final da temporada. Coletivamente a equipa esteve perto do t\u00edtulo (que falhou com os famosos 3-6 frente ao Benfica) e para o ano que se seguiu Carlos Queiroz fez Costinha regressar \u00e0 titularidade.<\/p>\n<p>1994\/95 acabou por ser a sua \u00faltima \u00e9poca de verde e branco. Alinhou apenas 9 vezes e conquistou o seu \u00fanico trof\u00e9u de verde e branco &#8211; a Ta\u00e7a de Portugal, chegando a jogar alguns minutos da final em substitui\u00e7\u00e3o do seu rival na baliza leonina.\u00a0Assim, esteve um total de duas \u00e9pocas na equipa principal do Sporting tendo realizado 34 jogos oficiais e sofrido 31 golos. Ganhou uma Ta\u00e7a de Portugal.<\/p>\n<p>Na sua Hist\u00f3ria o Sporting teve 20 guarda-redes (que tenham realizado pelo menos 10 jogos oficiais) que sofreram uma m\u00e9dia inferior a 1 golo por jogo &#8211; Lemajic \u00e9 um deles, figurando no 14\u00ba lugar dos guardi\u00f5es com melhor m\u00e9dia de sempre no clube.<\/p>\n<p>Sem ser super, foi um bom guarda-redes &#8211; \u00e1gil e aparentemente frio e tranquilo &#8211; que passou por Alvalade de onde se mudou\u00a0para o Mar\u00edtimo apenas por 1 ano. Depois esteve na Esc\u00f3cia (Dunfermline) onde terminou a carreira em 1998.<\/p>\n<div class=\"tweetthis\" style=\"text-align:left;\"><p> <a target=\"_blank\" rel=\"nofollow\" class=\"tt\" href=\"http:\/\/twitter.com\/home\/?status=Lemajic+%E2%80%93+Montenegrino+que+cumpriu+no+Alvalade+https%3A%2F%2Fis.gd%2FIqLuYk\" title=\"Post to Twitter\"><img decoding=\"async\" class=\"nothumb\" src=\"http:\/\/www.sportingcanal.com\/wp-content\/plugins\/tweet-this\/icons\/en\/twitter\/tt-twitter6.png\" alt=\"Post to Twitter\" \/><\/a><\/p><\/div>","protected":false},"excerpt":{"rendered":"<p>Zoran Lemajic nasceu a 8 de Novembro de 1960 em Niksic \u2013 Montenegro \u2013 Jugosl\u00e1via. Chegou a Portugal (oriundo do Pristina) para alinhar no Sporting Farense (ent\u00e3o na 2\u00aa divis\u00e3o). Ajudou a equipa algarvia a subir ao escal\u00e3o principal e a conseguir uma memor\u00e1vel presen\u00e7a na final da Ta\u00e7a de Portugal. Ap\u00f3s 3 bons anos [&hellip;]<\/p>\n","protected":false},"author":1,"featured_media":7800,"comment_status":"open","ping_status":"open","sticky":false,"template":"","format":"standard","meta":{"_et_pb_use_builder":"","_et_pb_old_content":"","_et_gb_content_width":"","footnotes":""},"categories":[63],"tags":[8,52],"_links":{"self":[{"href":"https:\/\/www.sportingcanal.com\/index.php?rest_route=\/wp\/v2\/posts\/7759"}],"collection":[{"href":"https:\/\/www.sportingcanal.com\/index.php?rest_route=\/wp\/v2\/posts"}],"about":[{"href":"https:\/\/www.sportingcanal.com\/index.php?rest_route=\/wp\/v2\/types\/post"}],"author":[{"embeddable":true,"href":"https:\/\/www.sportingcanal.com\/index.php?rest_route=\/wp\/v2\/users\/1"}],"replies":[{"embeddable":true,"href":"https:\/\/www.sportingcanal.com\/index.php?rest_route=%2Fwp%2Fv2%2Fcomments&post=7759"}],"version-history":[{"count":23,"href":"https:\/\/www.sportingcanal.com\/index.php?rest_route=\/wp\/v2\/posts\/7759\/revisions"}],"predecessor-version":[{"id":39221,"href":"https:\/\/www.sportingcanal.com\/index.php?rest_route=\/wp\/v2\/posts\/7759\/revisions\/39221"}],"wp:featuredmedia":[{"embeddable":true,"href":"https:\/\/www.sportingcanal.com\/index.php?rest_route=\/wp\/v2\/media\/7800"}],"wp:attachment":[{"href":"https:\/\/www.sportingcanal.com\/index.php?rest_route=%2Fwp%2Fv2%2Fmedia&parent=7759"}],"wp:term":[{"taxonomy":"category","embeddable":true,"href":"https:\/\/www.sportingcanal.com\/index.php?rest_route=%2Fwp%2Fv2%2Fcategories&post=7759"},{"taxonomy":"post_tag","embeddable":true,"href":"https:\/\/www.sportingcanal.com\/index.php?rest_route=%2Fwp%2Fv2%2Ftags&post=7759"}],"curies":[{"name":"wp","href":"https:\/\/api.w.org\/{rel}","templated":true}]}}