{"id":778,"date":"2025-12-27T08:30:07","date_gmt":"2025-12-27T07:30:07","guid":{"rendered":"http:\/\/www.sportingcanal.com\/?p=778"},"modified":"2025-12-27T17:34:29","modified_gmt":"2025-12-27T16:34:29","slug":"bernardo-manuel","status":"publish","type":"post","link":"https:\/\/www.sportingcanal.com\/?p=778","title":{"rendered":"Bernardo Manuel"},"content":{"rendered":"<p>Nasceu a 27 de Dezembro de 1954 em Angola.\u00a0Come\u00e7ou por praticar Atletismo no Sporting de Luanda. Inicialmente corria 400 e 800 metros mas depois passou para os 1.500 e 5.000. Em simult\u00e2neo jogava futebol como m\u00e9dio defensivo no Sporting Clube de Maianga.<\/p>\n<p>Em 1973 veio a Lisboa fazer os Campeonatos Nacionais de Atletismo e foi convidado para ingressar no Sporting, o que aceitou de imediato ap\u00f3s ter a confirma\u00e7\u00e3o de que poderia continuar a estudar.<\/p>\n<p>Em 1980 esteve presente nos Jogos Ol\u00edmpicos de Moscovo correndo os 5.000 metros em representa\u00e7\u00e3o de Angola.<\/p>\n<p>Em 1981 fez parte da equipa do Sporting que conquistou, em Varese \u2013 It\u00e1lia &#8211; o seu 3\u00ba t\u00edtulo europeu de Crosse. Desistiu a 800 metros da meta quando realizava uma \u00f3tima corrida &#8211; era o 3\u00ba elemento da equipa (em 12\u00ba lugar)<\/p>\n<p>Foi atleta at\u00e9 1984 e elemento da equipa de fundo do Sporting. Era uma esp\u00e9cie de \u201c2\u00aa linha\u201d da equipa, conquistando v\u00e1rios t\u00edtulos nacionais coletivos, mas individualmente com uma carreira mediana. Era um atleta muito r\u00e1pido que marcava os advers\u00e1rios da equipa para lhes ganhar na ponta final devido \u00e0 sua velocidade terminal.<\/p>\n<p>Terminou a carreira de atleta quando finalizou o seu curso superior (em Educa\u00e7\u00e3o F\u00edsica no ISEF) e ap\u00f3s 2 anos como treinador de Atletismo no Belenenses, M\u00e1rio Moniz Pereira convidou-o para seu adjunto no Sporting.<\/p>\n<p>Em 1985 fez um mestrado sobre treino de alto rendimento na Universidade do Porto e mais tarde o doutoramento na Faculdade de Motricidade Humana em Fisiologia do esfor\u00e7o como continuidade da tese de mestrado, cujo tema foi a carateriza\u00e7\u00e3o dos atletas portugueses de meio-fundo e fundo.<\/p>\n<p>Em 1993 passou a t\u00e9cnico principal de meio-fundo, fundo e crosse. Ganhou 2 Ta\u00e7as dos Campe\u00f5es Europeus de Corta Mato (1993 e 1994) e foi o respons\u00e1vel pela orienta\u00e7\u00e3o t\u00e9cnica de v\u00e1rios atletas de grande nomeada como os g\u00e9meos Castro ou Rui Silva (entre outros).<\/p>\n<p>Em 1995 foi distinguido com o\u00a0Pr\u00e9mio Stromp na categoria T\u00e9cnico.<\/p>\n<p>Em 2000 foi um dos respons\u00e1veis pelo memor\u00e1vel t\u00edtulo europeu de pista!<\/p>\n<p>Foi durante 18 anos, e em simult\u00e2neo, treinador do Sporting (chegou a Campe\u00e3o Europeu) e da Federa\u00e7\u00e3o, sendo muitos anos selecionador da equipa de corta-mato, contactando com a \u201cnata\u201d dos atletas nacionais da especialidade.<\/p>\n<p>No final do ano de 2013 assumiu o cargo de Diretor T\u00e9cnico do Atletismo leonino, que tinha ficado em aberto depois da sa\u00edda do Prof.\u00a0Abreu Matos. Em Setembro de 2014 regressou a Angola para desempenhar as fun\u00e7\u00f5es de Professor Universit\u00e1rio.<\/p>\n<p>Tem uma grande gratid\u00e3o ao \u201cSr. Atletismo\u201d pelo convite que o deixou muito honrado e que lhe possibilitou prosseguir a carreira num clube t\u00e3o grande do qual \u00e9 (tal como toda a fam\u00edlia) adepto.<\/p>\n<div class=\"tweetthis\" style=\"text-align:left;\"><p> <a target=\"_blank\" rel=\"nofollow\" class=\"tt\" href=\"http:\/\/twitter.com\/home\/?status=Bernardo+Manuel+https%3A%2F%2Fis.gd%2FNmAG3Y\" title=\"Post to Twitter\"><img decoding=\"async\" class=\"nothumb\" src=\"http:\/\/www.sportingcanal.com\/wp-content\/plugins\/tweet-this\/icons\/en\/twitter\/tt-twitter6.png\" alt=\"Post to Twitter\" \/><\/a><\/p><\/div>","protected":false},"excerpt":{"rendered":"<p>Nasceu a 27 de Dezembro de 1954 em Angola.\u00a0Come\u00e7ou por praticar Atletismo no Sporting de Luanda. Inicialmente corria 400 e 800 metros mas depois passou para os 1.500 e 5.000. Em simult\u00e2neo jogava futebol como m\u00e9dio defensivo no Sporting Clube de Maianga. Em 1973 veio a Lisboa fazer os Campeonatos Nacionais de Atletismo e foi [&hellip;]<\/p>\n","protected":false},"author":1,"featured_media":779,"comment_status":"open","ping_status":"open","sticky":false,"template":"","format":"standard","meta":{"_et_pb_use_builder":"","_et_pb_old_content":"","_et_gb_content_width":"","footnotes":""},"categories":[13],"tags":[21,27],"_links":{"self":[{"href":"https:\/\/www.sportingcanal.com\/index.php?rest_route=\/wp\/v2\/posts\/778"}],"collection":[{"href":"https:\/\/www.sportingcanal.com\/index.php?rest_route=\/wp\/v2\/posts"}],"about":[{"href":"https:\/\/www.sportingcanal.com\/index.php?rest_route=\/wp\/v2\/types\/post"}],"author":[{"embeddable":true,"href":"https:\/\/www.sportingcanal.com\/index.php?rest_route=\/wp\/v2\/users\/1"}],"replies":[{"embeddable":true,"href":"https:\/\/www.sportingcanal.com\/index.php?rest_route=%2Fwp%2Fv2%2Fcomments&post=778"}],"version-history":[{"count":27,"href":"https:\/\/www.sportingcanal.com\/index.php?rest_route=\/wp\/v2\/posts\/778\/revisions"}],"predecessor-version":[{"id":39415,"href":"https:\/\/www.sportingcanal.com\/index.php?rest_route=\/wp\/v2\/posts\/778\/revisions\/39415"}],"wp:featuredmedia":[{"embeddable":true,"href":"https:\/\/www.sportingcanal.com\/index.php?rest_route=\/wp\/v2\/media\/779"}],"wp:attachment":[{"href":"https:\/\/www.sportingcanal.com\/index.php?rest_route=%2Fwp%2Fv2%2Fmedia&parent=778"}],"wp:term":[{"taxonomy":"category","embeddable":true,"href":"https:\/\/www.sportingcanal.com\/index.php?rest_route=%2Fwp%2Fv2%2Fcategories&post=778"},{"taxonomy":"post_tag","embeddable":true,"href":"https:\/\/www.sportingcanal.com\/index.php?rest_route=%2Fwp%2Fv2%2Ftags&post=778"}],"curies":[{"name":"wp","href":"https:\/\/api.w.org\/{rel}","templated":true}]}}