{"id":7808,"date":"2025-11-11T07:30:46","date_gmt":"2025-11-11T06:30:46","guid":{"rendered":"http:\/\/www.sportingcanal.com\/?p=7808"},"modified":"2025-11-11T13:17:08","modified_gmt":"2025-11-11T12:17:08","slug":"milorad-pavic-o-gentleman-com-maos-de-ferro","status":"publish","type":"post","link":"https:\/\/www.sportingcanal.com\/?p=7808","title":{"rendered":"Milorad Pavic \u2013 O \u201cgentleman com m\u00e3o de ferro\u201d"},"content":{"rendered":"<p>Milorad Pavic nasceu a 11 de Novembro de 1921 em Valjevo \u2013 Servia.\u00a0Na sua juventude foi feito ref\u00e9m pelos alem\u00e3es na 2\u00aa Guerra Mundial. Como jogador alinhou pelo Estrela Vermelha de Belgrado, clube onde tamb\u00e9m se iniciou nas lides de treinador com grande sucesso (durante 7 temporadas), conquistando 3 t\u00edtulos nacionais (1959, 1960 e 1964) e 3 Ta\u00e7as de Jugosl\u00e1via (1958, 1959 e 1964). No seu pa\u00eds passou depois pelo FK Vojvodina. Mais tarde emigrou &#8211;\u00a0 esteve no FC Brugges e no Standard Li\u00e8ge (onde ganhou duas Ta\u00e7as da B\u00e9lgica &#8211; 1966 e 1967), no Atl\u00e9tico de Bilbau (ganhou a Copa do Rei em 1973), no Benfica (Campe\u00e3o em 1975) e no M\u00e1laga.<\/p>\n<p>Chegou ao Sporting (contratado por Jo\u00e3o Rocha) no Ver\u00e3o de 1978 para tentar devolver o clube aos grandes triunfos. Estreou-se a 26 de Agosto com uma derrota no Bessa por 2-0. \u00c0 10\u00aa jornada os le\u00f5es j\u00e1 estavam no 5\u00ba lugar (com 3 derrotas) e afastados da Ta\u00e7a das Ta\u00e7as. No entanto, o presidente Jo\u00e3o Rocha foi paciente e \u201caguentou\u201d o t\u00e9cnico jugoslavo at\u00e9 ao final da temporada. A certa altura, com o avolumar dos maus resultados, Pavic decretou \u201cestado de s\u00edtio\u201d em Alvalade. O telefone era objeto pro\u00edbido, e entrevistas, s\u00f3 o capit\u00e3o Manuel Fernandes as poderia dar.\u00a0Apesar de tudo as coisas foram melhorando &#8211; os le\u00f5es acabaram no 3\u00ba lugar e chegaram \u00e0 decis\u00e3o da Ta\u00e7a de Portugal (perderam na final\u00edssima por 1-0 frente ao Boavista). Sem conquistas, acabou por ser substitu\u00eddo no final da \u00e9poca pelo seu adjunto Rodrigues Dias. Ali\u00e1s, logo no final do desaire na Ta\u00e7a, Pavic afirmou: &#8220;Devo ir amanh\u00e3 para a Jugosl\u00e1via e n\u00e3o deverei regressar pois tenho um problema familiar a resolver, trata-se do meu filho&#8230;\u201d.<\/p>\n<p>De Alvalade saiu para o Celta de Vigo e mais tarde voltou ao Standard Li\u00e8ge onde ficou at\u00e9 1988.\u00a0Fora da Jugosl\u00e1via era conhecido pela alcunha \u201cMichel\u201d, e pela imprensa foi denominado como um \u201cgentleman com m\u00e3o de ferro\u201d (pelo trato educado e fleum\u00e1tico que mantinha, aliado a um grande rigor e disciplina no desempenho das suas fun\u00e7\u00f5es).<\/p>\n<p>Morreu a 16 de Agosto de 2005 na sua terra natal &#8211; Valjevo.<\/p>\n<table border=\"1\" width=\"366\" cellspacing=\"0\" cellpadding=\"0\">\n<tbody>\n<tr>\n<td colspan=\"8\" valign=\"top\" width=\"366\"><strong>MILORAD PAVIC como treinador do SPORTING<\/strong><\/td>\n<\/tr>\n<tr>\n<td valign=\"top\" width=\"73\">\u00c9POCA<\/td>\n<td valign=\"top\" width=\"38\">J<\/td>\n<td valign=\"top\" width=\"38\">V<\/td>\n<td valign=\"top\" width=\"38\">E<\/td>\n<td valign=\"top\" width=\"38\">D<\/td>\n<td valign=\"top\" width=\"38\">GM<\/td>\n<td valign=\"top\" width=\"38\">GS<\/td>\n<td valign=\"top\" width=\"66\">%<\/td>\n<\/tr>\n<tr>\n<td valign=\"top\" width=\"73\">1977\/78<\/td>\n<td valign=\"top\" width=\"38\">40<\/td>\n<td valign=\"top\" width=\"38\">23<\/td>\n<td valign=\"top\" width=\"38\">9<\/td>\n<td valign=\"top\" width=\"38\">8<\/td>\n<td valign=\"top\" width=\"38\">59<\/td>\n<td valign=\"top\" width=\"38\">27<\/td>\n<td valign=\"top\" width=\"66\">68,8<\/td>\n<\/tr>\n<\/tbody>\n<\/table>\n<div class=\"tweetthis\" style=\"text-align:left;\"><p> <a target=\"_blank\" rel=\"nofollow\" class=\"tt\" href=\"http:\/\/twitter.com\/home\/?status=Milorad+Pavic+%E2%80%93+O+%E2%80%9Cgentleman+com+m%C3%A3o+de+ferro%E2%80%9D+https%3A%2F%2Fis.gd%2FUmRdd3\" title=\"Post to Twitter\"><img decoding=\"async\" class=\"nothumb\" src=\"http:\/\/www.sportingcanal.com\/wp-content\/plugins\/tweet-this\/icons\/en\/twitter\/tt-twitter6.png\" alt=\"Post to Twitter\" \/><\/a><\/p><\/div>","protected":false},"excerpt":{"rendered":"<p>Milorad Pavic nasceu a 11 de Novembro de 1921 em Valjevo \u2013 Servia.\u00a0Na sua juventude foi feito ref\u00e9m pelos alem\u00e3es na 2\u00aa Guerra Mundial. Como jogador alinhou pelo Estrela Vermelha de Belgrado, clube onde tamb\u00e9m se iniciou nas lides de treinador com grande sucesso (durante 7 temporadas), conquistando 3 t\u00edtulos nacionais (1959, 1960 e 1964) [&hellip;]<\/p>\n","protected":false},"author":1,"featured_media":7809,"comment_status":"open","ping_status":"open","sticky":false,"template":"","format":"standard","meta":{"_et_pb_use_builder":"","_et_pb_old_content":"","_et_gb_content_width":"","footnotes":""},"categories":[63],"tags":[8,27],"_links":{"self":[{"href":"https:\/\/www.sportingcanal.com\/index.php?rest_route=\/wp\/v2\/posts\/7808"}],"collection":[{"href":"https:\/\/www.sportingcanal.com\/index.php?rest_route=\/wp\/v2\/posts"}],"about":[{"href":"https:\/\/www.sportingcanal.com\/index.php?rest_route=\/wp\/v2\/types\/post"}],"author":[{"embeddable":true,"href":"https:\/\/www.sportingcanal.com\/index.php?rest_route=\/wp\/v2\/users\/1"}],"replies":[{"embeddable":true,"href":"https:\/\/www.sportingcanal.com\/index.php?rest_route=%2Fwp%2Fv2%2Fcomments&post=7808"}],"version-history":[{"count":24,"href":"https:\/\/www.sportingcanal.com\/index.php?rest_route=\/wp\/v2\/posts\/7808\/revisions"}],"predecessor-version":[{"id":39232,"href":"https:\/\/www.sportingcanal.com\/index.php?rest_route=\/wp\/v2\/posts\/7808\/revisions\/39232"}],"wp:featuredmedia":[{"embeddable":true,"href":"https:\/\/www.sportingcanal.com\/index.php?rest_route=\/wp\/v2\/media\/7809"}],"wp:attachment":[{"href":"https:\/\/www.sportingcanal.com\/index.php?rest_route=%2Fwp%2Fv2%2Fmedia&parent=7808"}],"wp:term":[{"taxonomy":"category","embeddable":true,"href":"https:\/\/www.sportingcanal.com\/index.php?rest_route=%2Fwp%2Fv2%2Fcategories&post=7808"},{"taxonomy":"post_tag","embeddable":true,"href":"https:\/\/www.sportingcanal.com\/index.php?rest_route=%2Fwp%2Fv2%2Ftags&post=7808"}],"curies":[{"name":"wp","href":"https:\/\/api.w.org\/{rel}","templated":true}]}}